{"id":566,"date":"2018-01-11T16:12:00","date_gmt":"2018-01-11T16:12:00","guid":{"rendered":"https:\/\/europavarietas.org\/csdp_new\/?p=566"},"modified":"2023-08-24T17:39:59","modified_gmt":"2023-08-24T17:39:59","slug":"compte-rendu-lunion-europeenne-et-la-paix-linvention-dun-modele-europeen-de-gestion-des-conflits","status":"publish","type":"post","link":"https:\/\/europavarietas.org\/csdp_new\/index.php\/2018\/01\/11\/compte-rendu-lunion-europeenne-et-la-paix-linvention-dun-modele-europeen-de-gestion-des-conflits\/","title":{"rendered":"[Compte rendu] L\u2019Union europ\u00e9enne et la paix, L\u2019invention d\u2019un mod\u00e8le europ\u00e9en de gestion des conflits"},"content":{"rendered":"\t\t<div data-elementor-type=\"wp-post\" data-elementor-id=\"566\" class=\"elementor elementor-566\">\n\t\t\t\t\t\t<section class=\"elementor-section elementor-top-section elementor-element elementor-element-e9a62a7 elementor-section-boxed elementor-section-height-default elementor-section-height-default\" data-id=\"e9a62a7\" data-element_type=\"section\">\n\t\t\t\t\t\t<div class=\"elementor-container elementor-column-gap-default\">\n\t\t\t\t\t<div class=\"elementor-column elementor-col-100 elementor-top-column elementor-element elementor-element-33d73fa\" data-id=\"33d73fa\" data-element_type=\"column\">\n\t\t\t<div class=\"elementor-widget-wrap elementor-element-populated\">\n\t\t\t\t\t\t<div class=\"elementor-element elementor-element-41fe044 elementor-widget elementor-widget-text-editor\" data-id=\"41fe044\" data-element_type=\"widget\" data-widget_type=\"text-editor.default\">\n\t\t\t\t<div class=\"elementor-widget-container\">\n\t\t\t\t\t\t\t\t\t<p><em>L\u2019Union europ\u00e9enne et la paix, L\u2019invention d\u2019un mod\u00e8le europ\u00e9en de gestion des conflits sous la direction de Anne Bazin, Charles Tenenbaum, Coll. Relations Internationales, SciencePo, Les Presses, 2017<\/em><\/p><center><a href=\"http:\/\/www.pressesdesciencespo.fr\/fr\/livre\/?GCOI=27246100648930&amp;fa=author&amp;person_id=1971\" target=\"_bank\"><img decoding=\"async\" src=\"\/csdp\/files\/rel_int.png\" \/><\/a><\/center><p>Le livre intitul\u00e9 \u201eL\u2019Union europ\u00e9enne et la paix. L\u2019invention d\u2019un mod\u00e8le europ\u00e9en de gestion des conflits\u201d est un travail collectif de dix auteurs sous la r\u00e9daction d\u2019Anne Bazin et Charles Tetenbaum. Les deux co-auteurs sont des maitres de conf\u00e9rence en science politique a Sciences Po Lille et les chercheurs au Centre d\u2019\u00e9tudes et de recherches administratives, politiques et sociales (CERAPS, Universit\u00e9 de Lille 2).<br \/>Anne Bazin dans sa recherche se concentre autour des questions li\u00e9es a la politique \u00e9trang\u00e8re de l\u2019UE. Charles Tenenbaum s\u2019interesse \u00e0 la th\u00e9matique des m\u00e9diations internationales et r\u00e9solution des conflits et de multilat\u00e9ralisme.<\/p><p>Ce livre d\u2019une mani\u00e8re scientifique et m\u00e9thodique dessine une analyse approfondie et d\u00e9taill\u00e9e de la politique de la construction de la paix par l\u2019UE apr\u00e8s la guerre froide. Cet Union qui, en 2012 re\u00e7oit le prix Nobel de la Paix.\u00a0<\/p><p>Il d\u00e9montre quelles sont les logiques politiques et les changements dynamiques institutionnels qui accompagnent dans le temps la cr\u00e9ation et l\u2019\u00e9volution d\u2019un mod\u00e8le europ\u00e9en de gestion des crises.<\/p><p>L\u2019Union europ\u00e9enne apparait comme un acteur majeur de la paix et de la r\u00e9solution des conflits au cot\u00e9 des autres organisations internationales comme Organisation des Nations Unis et Organisation de S\u00e9curit\u00e9 et de Coop\u00e9ration en Europe.<\/p><p>La structure du livre, accompagn\u00e9e par une introduction d\u2019Anne Bazin et de Charles Tenenbaum se compose de deux partis et se compose de 9 chapitres. Dans la premi\u00e8re partie nous trouvons les propos th\u00e9orique, concernant la cr\u00e9ation et le fonctionnement des politiques de la gestion des crises de l\u2019UE. La deuxi\u00e8me partie d\u00e9crit les exemples concrets d\u2019impl\u00e9mentation des diff\u00e9rents instruments et de strat\u00e9gies de la politique \u00e9trang\u00e8re et de s\u00e9curit\u00e9: le Proche Orient, la Somalie et le Caucase afin de mieux d\u00e9montrer les initiatives de la paix de l\u2019UE dans le terrain.<\/p><p>Chaque chapitre est \u00e9crit par un autre chercheur venant des diff\u00e9rents universit\u00e9s, pas seulement europ\u00e9ens (Science Po Lille, Science Po Grenoble, Cardiff University, Universit\u00e9 Hebraique de Jerusalem, College d\u2019Europe de Bruges, Universit\u00e9 d\u2019Amsterdam).<\/p><p>Dans l\u2019introduction les auteurs souhaitent souligner l\u2019importance de comprendre l\u2019\u00e9volution institutionnelle et politique de la gestion des crises made in Europe. Le premier chapitre d\u00e9montre l\u2019\u00e9volution institutionnelle des m\u00e9canismes europ\u00e9ens dans une perspective historique et sociologique. Dans le deuxi\u00e8me chapitre les auteurs pr\u00e9sentent les acteurs majeurs et les pratiques d\u2019implantation de l paix par les institutions de l\u2019UE. Dans le troisi\u00e8me chapitre l\u2019auteur d\u00e9crit les actions men\u00e9es par l\u2019Union a cote des autres institutions internationales qui s\u2019activent dans le domaine des missions pacifiques et de gestion de crise. Dans le quatri\u00e8me chapitre nous avons une analyse de la mani\u00e8re de laquelle sont analys\u00e9es les programmes de d\u00e9mocratisation dans la strat\u00e9gique globale de la politique de l\u2019Union notamment la gestion de crise. Chapitre cinq pr\u00e9sente une chronologie tr\u00e8s d\u00e9taill\u00e9e de la cr\u00e9ation de la politique ext\u00e9rieure de l\u2019UE. Il se divise en quatre parties:<br \/>&#8211; l&#8217;\u00e9volution normative,<br \/>&#8211; la mise en place de la politique de gestion de crises de l\u2019UE,<br \/>&#8211; le niveau institutionnel,<br \/>&#8211; les exemples des missions de paix men\u00e9es par l\u2019Union (Croatie, Bosnie, Kosovo; Afghanistan, Libye; Tch\u00e9tch\u00e9nie, Georgie, Ukraine).<br \/>Le chapitre six pr\u00e9sente l\u2019\u00e9volution de m\u00e9diation comme un des instruments pacifique de la gestion de crise par l\u2019UE. Les trois derniers chapitres d\u00e9crivent les exemples exacts de l\u2019engagement de lUE dans la construction et du maintien de la paix dans le monde : le conflit Isra\u00e9lo-Palestinien, la Somalie et le Caucase.<\/p><p>Cet ouvrage pr\u00e9sente des normes, des pratiques ainsi que des acteurs de l\u2019UE selon une d\u00e9marche de sociologie des relations internationales:<br \/>&#8211; les enqu\u00eates sociologiques approfondies,<br \/>&#8211; les entretiens avec des praticiens, des experts et des diplomates qui participent dans ce processus directement.<br \/>Les auteurs soulignent que l\u2019UE d\u00e9veloppe depuis la fin de la guerre froide les divers instruments de sa politique \u00e9trang\u00e8re:<br \/>\u25e6 la gestion des crises,<br \/>\u25e6 la pr\u00e9vention,<br \/>\u25e6 la m\u00e9diation,<br \/>\u25e6 la r\u00e9conciliation,<br \/>\u25e6 la d\u00e9mocratisation,<br \/>\u25e6 des droits de l\u2019homme.<br \/>En effet, elle souhaite avoir un r\u00f4le majeur dans la pacification des zones de conflit dans le monde.<\/p><p>Les auteurs souhaitent montrer comment gr\u00e2ce aux divers outils de la sociologie et de la science politique, la politique \u00e9trang\u00e8re de l\u2019UE et ses actions ext\u00e9rieurs \u00e9voluent. Ils mettent l\u2019accent sur les strat\u00e9gies alternatives de r\u00e9solution des conflits d\u00e9velopp\u00e9s par l\u2019UE au cours des ann\u00e9es.<\/p><p>Il convient de souligner que l\u2019UE et sa politique \u00e9trang\u00e8re sont montr\u00e9es dans une optique multilat\u00e9rale, internationale, en comparaison aux autres organisations intergouvernementales, universelles ou r\u00e9gionales qui poss\u00e8dent d\u00e9j\u00e0 depuis plus longtemps les instruments de gestion des crises. En effet, toutes ses organisations participent dans l\u2019organisation du monde.<\/p><p>L\u2019histoire de la politique ext\u00e9rieure de l\u2019UE est anim\u00e9 par l\u2019objectif de mettre les Europ\u00e9ens a contribution dans la r\u00e9solution des conflits. En effet, selon les auteurs, l\u2019UE souhaite devenir conflict manager global.<\/p><p>De la lecture de ce lire d\u00e9coule deux conclusions :<br \/>1. la diplomatie europ\u00e9enne sur le niveau r\u00e9gional et mondial reste historiquement li\u00e9e \u00e0 la pacification des conflits gr\u00e2ce aux plusieurs mod\u00e8les de m\u00e9diations : le soutien financier aux ONG, des expertises externes, le soutien des partenaires,<br \/>2. la faiblesse, l\u2019incoh\u00e9rence des moyens entretenus et le manque d\u2019un soutien politique m\u00e8nent \u00e0 une baisse d\u2019influence progressive \u00e0 l\u2019\u00e9chelle mondiale et \u00e0 une baisse de la capacit\u00e9 d\u2019intervention de l\u2019UE.<br \/>D\u2019ou besoin d\u2019\u00e9volution des instruments, de m\u00e9canismes et d\u2019institutions sp\u00e9cialis\u00e9s afin de red\u00e9finir la nouvelle politique de la paix de l\u2019Union.<\/p><p>Il convient de souligner les valeurs scientifiques et m\u00eame didactiques de cet oeuvre. Malgr\u00e9 son style tr\u00e8s technique, qui semble momentan\u00e9ment rude, cette lecture m\u00e8ne \u00e0 une r\u00e9flection et un jugement critique envers la politique de l\u2019UE.<\/p><p>*<br \/>Chronologie &#8211; politique de la paix de l\u2019UE:<\/p><p>NORMES-THEORIE<br \/>1. Maastricht &#8211; chapitre 5- PESC<br \/>1. r\u00e9solution de conflit<br \/>2. missions de Petersberg (UEO) : maintien de la paix, missions humanitaires, gestion de crise, r\u00e9tablissement de la paix<br \/>2. Amsterdam &#8211; maintien de la paix, missions de forces de combat<br \/>3. St.Malo 1998 &#8211; capacit\u00e9s militaires (parall\u00e8lement &#8211; institutionnalisation de la politique europ\u00e9enne de s\u00e9curit\u00e9 et de d\u00e9fense<br \/>4. G\u00f6teborg 2001 &#8211; pr\u00e9vention des conflits = un des principaux objectifs des relations ext\u00e9rieurs de l\u2019UE<br \/>5. Strat\u00e9gie europ\u00e9enne de secouriste &#8211; \u00e9quilibre civili-militaire dans la gestion des crises<\/p><p>PRATIQUE<br \/>\u2022 34 missions lances &#8211; dans le cadre de la politique europ\u00e9enne de s\u00e9curit\u00e9 et de d\u00e9fense entre 2003-2015 (16 achev\u00e9s, 18 en cours d\u00e9but 2015)<br \/>\u2022 deux tiers de ces missions ont un caract\u00e8re civile (coop\u00e9ration police\/justice, renforcement de l\u2019Etat de droit)<br \/>\u2022 taille modeste &#8211; qqn dizaines\/centaines d\u2019agent.<\/p><p>INSTITUTIONS<br \/>\u2022 Parlement eu. &#8211; groupes de m\u00e9diation &#8211; \u00e9volution vers une pr\u00e9vention de conflit et une m\u00e9diation<br \/>\u2022 Cr\u00e9ation de l\u2019Institut europ\u00e9en de la paix (IEP) \u00e0 l\u2019initiative de la Su\u00e8de et de la Finlande<br \/>\u25aa m\u00e9diation europ\u00e9enne de la paix europ\u00e9enne<br \/>\u25aa diplomatie informelle<br \/>\u25aa politisation des enjeux lies a la m\u00e9diation des conflits (diff\u00e9rents int\u00e9r\u00eats des pays membres de l\u2019UE)<\/p><p>ETUDES DE CAS<br \/>Processus Isra\u00e9lo-Palestinien<br \/>&#8211; jeux d\u2019int\u00e9r\u00eats des pays membres de l\u2019UE; production normative croissante de l\u2019UE et pas de strat\u00e9gie politique clairement d\u00e9finie ; par cons\u00e9quent &#8211; une baisse d\u2019influence progressive de l\u2019UE, incoh\u00e9rence entre les normes promues et la capacit\u00e9 d\u2019intervention de l\u2019UE; financement de l\u2019UE majeur (poids financier)<\/p><p><strong>\u00e9crit par dr Kinga Torbicka, chercheuse associ\u00e9e de l`Institut Europa Varietas<\/strong><\/p>\t\t\t\t\t\t\t\t<\/div>\n\t\t\t\t<\/div>\n\t\t\t\t\t<\/div>\n\t\t<\/div>\n\t\t\t\t\t<\/div>\n\t\t<\/section>\n\t\t\t\t<\/div>\n\t\t","protected":false},"excerpt":{"rendered":"<p>L\u2019Union europ\u00e9enne et la paix, L\u2019invention d\u2019un mod\u00e8le europ\u00e9en de gestion des conflits sous la direction de Anne Bazin, Charles Tenenbaum, Coll. Relations Internationales, SciencePo, Les Presses, 2017 Le livre intitul\u00e9 \u201eL\u2019Union europ\u00e9enne et la paix. L\u2019invention d\u2019un mod\u00e8le europ\u00e9en de gestion des conflits\u201d est un travail collectif de dix auteurs sous la r\u00e9daction d\u2019Anne&#8230;<\/p>\n","protected":false},"author":2,"featured_media":0,"comment_status":"open","ping_status":"open","sticky":false,"template":"","format":"standard","meta":{"footnotes":""},"categories":[3],"tags":[],"class_list":["post-566","post","type-post","status-publish","format-standard","hentry","category-cerpesc"],"yoast_head":"<!-- This site is optimized with the Yoast SEO plugin v26.5 - https:\/\/yoast.com\/wordpress\/plugins\/seo\/ -->\n<title>[Compte rendu] L\u2019Union europ\u00e9enne et la paix, L\u2019invention d\u2019un mod\u00e8le europ\u00e9en de gestion des conflits - CERPESC<\/title>\n<meta name=\"robots\" content=\"index, follow, max-snippet:-1, max-image-preview:large, max-video-preview:-1\" \/>\n<link rel=\"canonical\" href=\"https:\/\/europavarietas.org\/csdp_new\/index.php\/2018\/01\/11\/compte-rendu-lunion-europeenne-et-la-paix-linvention-dun-modele-europeen-de-gestion-des-conflits\/\" \/>\n<meta property=\"og:locale\" content=\"en_GB\" \/>\n<meta property=\"og:type\" content=\"article\" \/>\n<meta property=\"og:title\" content=\"[Compte rendu] L\u2019Union europ\u00e9enne et la paix, L\u2019invention d\u2019un mod\u00e8le europ\u00e9en de gestion des conflits - CERPESC\" \/>\n<meta property=\"og:description\" content=\"L\u2019Union europ\u00e9enne et la paix, L\u2019invention d\u2019un mod\u00e8le europ\u00e9en de gestion des conflits sous la direction de Anne Bazin, Charles Tenenbaum, Coll. Relations Internationales, SciencePo, Les Presses, 2017 Le livre intitul\u00e9 \u201eL\u2019Union europ\u00e9enne et la paix. L\u2019invention d\u2019un mod\u00e8le europ\u00e9en de gestion des conflits\u201d est un travail collectif de dix auteurs sous la r\u00e9daction d\u2019Anne...\" \/>\n<meta property=\"og:url\" content=\"https:\/\/europavarietas.org\/csdp_new\/index.php\/2018\/01\/11\/compte-rendu-lunion-europeenne-et-la-paix-linvention-dun-modele-europeen-de-gestion-des-conflits\/\" \/>\n<meta property=\"og:site_name\" content=\"CERPESC\" \/>\n<meta property=\"article:published_time\" content=\"2018-01-11T16:12:00+00:00\" \/>\n<meta property=\"article:modified_time\" content=\"2023-08-24T17:39:59+00:00\" \/>\n<meta name=\"author\" content=\"Andr\u00e1s Istv\u00e1n T\u00dcRKE\" \/>\n<meta name=\"twitter:card\" content=\"summary_large_image\" \/>\n<meta name=\"twitter:label1\" content=\"Written by\" \/>\n\t<meta name=\"twitter:data1\" content=\"Andr\u00e1s Istv\u00e1n T\u00dcRKE\" \/>\n\t<meta name=\"twitter:label2\" content=\"Estimated reading time\" \/>\n\t<meta name=\"twitter:data2\" content=\"7 minutes\" \/>\n<script type=\"application\/ld+json\" class=\"yoast-schema-graph\">{\"@context\":\"https:\/\/schema.org\",\"@graph\":[{\"@type\":\"Article\",\"@id\":\"https:\/\/europavarietas.org\/csdp_new\/index.php\/2018\/01\/11\/compte-rendu-lunion-europeenne-et-la-paix-linvention-dun-modele-europeen-de-gestion-des-conflits\/#article\",\"isPartOf\":{\"@id\":\"https:\/\/europavarietas.org\/csdp_new\/index.php\/2018\/01\/11\/compte-rendu-lunion-europeenne-et-la-paix-linvention-dun-modele-europeen-de-gestion-des-conflits\/\"},\"author\":{\"name\":\"Andr\u00e1s Istv\u00e1n T\u00dcRKE\",\"@id\":\"https:\/\/europavarietas.org\/csdp_new\/#\/schema\/person\/4bdb418b6652d2795a1c0627ce82c1ab\"},\"headline\":\"[Compte rendu] L\u2019Union europ\u00e9enne et la paix, L\u2019invention d\u2019un mod\u00e8le europ\u00e9en de gestion des conflits\",\"datePublished\":\"2018-01-11T16:12:00+00:00\",\"dateModified\":\"2023-08-24T17:39:59+00:00\",\"mainEntityOfPage\":{\"@id\":\"https:\/\/europavarietas.org\/csdp_new\/index.php\/2018\/01\/11\/compte-rendu-lunion-europeenne-et-la-paix-linvention-dun-modele-europeen-de-gestion-des-conflits\/\"},\"wordCount\":1438,\"commentCount\":0,\"publisher\":{\"@id\":\"https:\/\/europavarietas.org\/csdp_new\/#organization\"},\"articleSection\":[\"CERPESC\"],\"inLanguage\":\"en-GB\",\"potentialAction\":[{\"@type\":\"CommentAction\",\"name\":\"Comment\",\"target\":[\"https:\/\/europavarietas.org\/csdp_new\/index.php\/2018\/01\/11\/compte-rendu-lunion-europeenne-et-la-paix-linvention-dun-modele-europeen-de-gestion-des-conflits\/#respond\"]}]},{\"@type\":\"WebPage\",\"@id\":\"https:\/\/europavarietas.org\/csdp_new\/index.php\/2018\/01\/11\/compte-rendu-lunion-europeenne-et-la-paix-linvention-dun-modele-europeen-de-gestion-des-conflits\/\",\"url\":\"https:\/\/europavarietas.org\/csdp_new\/index.php\/2018\/01\/11\/compte-rendu-lunion-europeenne-et-la-paix-linvention-dun-modele-europeen-de-gestion-des-conflits\/\",\"name\":\"[Compte rendu] L\u2019Union europ\u00e9enne et la paix, L\u2019invention d\u2019un mod\u00e8le europ\u00e9en de gestion des conflits - CERPESC\",\"isPartOf\":{\"@id\":\"https:\/\/europavarietas.org\/csdp_new\/#website\"},\"datePublished\":\"2018-01-11T16:12:00+00:00\",\"dateModified\":\"2023-08-24T17:39:59+00:00\",\"breadcrumb\":{\"@id\":\"https:\/\/europavarietas.org\/csdp_new\/index.php\/2018\/01\/11\/compte-rendu-lunion-europeenne-et-la-paix-linvention-dun-modele-europeen-de-gestion-des-conflits\/#breadcrumb\"},\"inLanguage\":\"en-GB\",\"potentialAction\":[{\"@type\":\"ReadAction\",\"target\":[\"https:\/\/europavarietas.org\/csdp_new\/index.php\/2018\/01\/11\/compte-rendu-lunion-europeenne-et-la-paix-linvention-dun-modele-europeen-de-gestion-des-conflits\/\"]}]},{\"@type\":\"BreadcrumbList\",\"@id\":\"https:\/\/europavarietas.org\/csdp_new\/index.php\/2018\/01\/11\/compte-rendu-lunion-europeenne-et-la-paix-linvention-dun-modele-europeen-de-gestion-des-conflits\/#breadcrumb\",\"itemListElement\":[{\"@type\":\"ListItem\",\"position\":1,\"name\":\"Home\",\"item\":\"https:\/\/europavarietas.org\/csdp_new\/\"},{\"@type\":\"ListItem\",\"position\":2,\"name\":\"[Compte rendu] L\u2019Union europ\u00e9enne et la paix, L\u2019invention d\u2019un mod\u00e8le europ\u00e9en de gestion des conflits\"}]},{\"@type\":\"WebSite\",\"@id\":\"https:\/\/europavarietas.org\/csdp_new\/#website\",\"url\":\"https:\/\/europavarietas.org\/csdp_new\/\",\"name\":\"CERPESC\",\"description\":\"European Soultion for Defence and Crisis Management\",\"publisher\":{\"@id\":\"https:\/\/europavarietas.org\/csdp_new\/#organization\"},\"potentialAction\":[{\"@type\":\"SearchAction\",\"target\":{\"@type\":\"EntryPoint\",\"urlTemplate\":\"https:\/\/europavarietas.org\/csdp_new\/?s={search_term_string}\"},\"query-input\":{\"@type\":\"PropertyValueSpecification\",\"valueRequired\":true,\"valueName\":\"search_term_string\"}}],\"inLanguage\":\"en-GB\"},{\"@type\":\"Organization\",\"@id\":\"https:\/\/europavarietas.org\/csdp_new\/#organization\",\"name\":\"CERPESC\",\"url\":\"https:\/\/europavarietas.org\/csdp_new\/\",\"logo\":{\"@type\":\"ImageObject\",\"inLanguage\":\"en-GB\",\"@id\":\"https:\/\/europavarietas.org\/csdp_new\/#\/schema\/logo\/image\/\",\"url\":\"https:\/\/europavarietas.org\/csdp_new\/wp-content\/uploads\/2023\/08\/cropped-cropped-cerpesc5_0.png\",\"contentUrl\":\"https:\/\/europavarietas.org\/csdp_new\/wp-content\/uploads\/2023\/08\/cropped-cropped-cerpesc5_0.png\",\"width\":530,\"height\":97,\"caption\":\"CERPESC\"},\"image\":{\"@id\":\"https:\/\/europavarietas.org\/csdp_new\/#\/schema\/logo\/image\/\"}},{\"@type\":\"Person\",\"@id\":\"https:\/\/europavarietas.org\/csdp_new\/#\/schema\/person\/4bdb418b6652d2795a1c0627ce82c1ab\",\"name\":\"Andr\u00e1s Istv\u00e1n T\u00dcRKE\",\"image\":{\"@type\":\"ImageObject\",\"inLanguage\":\"en-GB\",\"@id\":\"https:\/\/europavarietas.org\/csdp_new\/#\/schema\/person\/image\/\",\"url\":\"https:\/\/secure.gravatar.com\/avatar\/19d77d70065cf29dad6d60c3df5b443255b53aaecfbb81055024e590555ef2cd?s=96&d=mm&r=g\",\"contentUrl\":\"https:\/\/secure.gravatar.com\/avatar\/19d77d70065cf29dad6d60c3df5b443255b53aaecfbb81055024e590555ef2cd?s=96&d=mm&r=g\",\"caption\":\"Andr\u00e1s Istv\u00e1n T\u00dcRKE\"},\"description\":\"Andr\u00e1s Istv\u00e1n T\u00fcrke is a diplomacy &amp; security policy expert based in Switzerland. He specializes in European Foreign, Security &amp; Defence Policy and industrial base issues. He is expert in geopolitics of Africa and Western Balkans on strategic and economic issues. His research focuses on the peacekeeping and regional stability with emphasis on european solutions for defence &amp; crisis management. So far, his work has mostly drawn on EU, UN, AU and NATO activities but he has started to engage with other global and regional crisis management institutions.\",\"sameAs\":[\"https:\/\/univ-paris3.academia.edu\/AndrasTurke\"],\"url\":\"https:\/\/europavarietas.org\/csdp_new\/index.php\/author\/andrasturke\/\"}]}<\/script>\n<!-- \/ Yoast SEO plugin. -->","yoast_head_json":{"title":"[Compte rendu] L\u2019Union europ\u00e9enne et la paix, L\u2019invention d\u2019un mod\u00e8le europ\u00e9en de gestion des conflits - CERPESC","robots":{"index":"index","follow":"follow","max-snippet":"max-snippet:-1","max-image-preview":"max-image-preview:large","max-video-preview":"max-video-preview:-1"},"canonical":"https:\/\/europavarietas.org\/csdp_new\/index.php\/2018\/01\/11\/compte-rendu-lunion-europeenne-et-la-paix-linvention-dun-modele-europeen-de-gestion-des-conflits\/","og_locale":"en_GB","og_type":"article","og_title":"[Compte rendu] L\u2019Union europ\u00e9enne et la paix, L\u2019invention d\u2019un mod\u00e8le europ\u00e9en de gestion des conflits - CERPESC","og_description":"L\u2019Union europ\u00e9enne et la paix, L\u2019invention d\u2019un mod\u00e8le europ\u00e9en de gestion des conflits sous la direction de Anne Bazin, Charles Tenenbaum, Coll. Relations Internationales, SciencePo, Les Presses, 2017 Le livre intitul\u00e9 \u201eL\u2019Union europ\u00e9enne et la paix. L\u2019invention d\u2019un mod\u00e8le europ\u00e9en de gestion des conflits\u201d est un travail collectif de dix auteurs sous la r\u00e9daction d\u2019Anne...","og_url":"https:\/\/europavarietas.org\/csdp_new\/index.php\/2018\/01\/11\/compte-rendu-lunion-europeenne-et-la-paix-linvention-dun-modele-europeen-de-gestion-des-conflits\/","og_site_name":"CERPESC","article_published_time":"2018-01-11T16:12:00+00:00","article_modified_time":"2023-08-24T17:39:59+00:00","author":"Andr\u00e1s Istv\u00e1n T\u00dcRKE","twitter_card":"summary_large_image","twitter_misc":{"Written by":"Andr\u00e1s Istv\u00e1n T\u00dcRKE","Estimated reading time":"7 minutes"},"schema":{"@context":"https:\/\/schema.org","@graph":[{"@type":"Article","@id":"https:\/\/europavarietas.org\/csdp_new\/index.php\/2018\/01\/11\/compte-rendu-lunion-europeenne-et-la-paix-linvention-dun-modele-europeen-de-gestion-des-conflits\/#article","isPartOf":{"@id":"https:\/\/europavarietas.org\/csdp_new\/index.php\/2018\/01\/11\/compte-rendu-lunion-europeenne-et-la-paix-linvention-dun-modele-europeen-de-gestion-des-conflits\/"},"author":{"name":"Andr\u00e1s Istv\u00e1n T\u00dcRKE","@id":"https:\/\/europavarietas.org\/csdp_new\/#\/schema\/person\/4bdb418b6652d2795a1c0627ce82c1ab"},"headline":"[Compte rendu] L\u2019Union europ\u00e9enne et la paix, L\u2019invention d\u2019un mod\u00e8le europ\u00e9en de gestion des conflits","datePublished":"2018-01-11T16:12:00+00:00","dateModified":"2023-08-24T17:39:59+00:00","mainEntityOfPage":{"@id":"https:\/\/europavarietas.org\/csdp_new\/index.php\/2018\/01\/11\/compte-rendu-lunion-europeenne-et-la-paix-linvention-dun-modele-europeen-de-gestion-des-conflits\/"},"wordCount":1438,"commentCount":0,"publisher":{"@id":"https:\/\/europavarietas.org\/csdp_new\/#organization"},"articleSection":["CERPESC"],"inLanguage":"en-GB","potentialAction":[{"@type":"CommentAction","name":"Comment","target":["https:\/\/europavarietas.org\/csdp_new\/index.php\/2018\/01\/11\/compte-rendu-lunion-europeenne-et-la-paix-linvention-dun-modele-europeen-de-gestion-des-conflits\/#respond"]}]},{"@type":"WebPage","@id":"https:\/\/europavarietas.org\/csdp_new\/index.php\/2018\/01\/11\/compte-rendu-lunion-europeenne-et-la-paix-linvention-dun-modele-europeen-de-gestion-des-conflits\/","url":"https:\/\/europavarietas.org\/csdp_new\/index.php\/2018\/01\/11\/compte-rendu-lunion-europeenne-et-la-paix-linvention-dun-modele-europeen-de-gestion-des-conflits\/","name":"[Compte rendu] L\u2019Union europ\u00e9enne et la paix, L\u2019invention d\u2019un mod\u00e8le europ\u00e9en de gestion des conflits - CERPESC","isPartOf":{"@id":"https:\/\/europavarietas.org\/csdp_new\/#website"},"datePublished":"2018-01-11T16:12:00+00:00","dateModified":"2023-08-24T17:39:59+00:00","breadcrumb":{"@id":"https:\/\/europavarietas.org\/csdp_new\/index.php\/2018\/01\/11\/compte-rendu-lunion-europeenne-et-la-paix-linvention-dun-modele-europeen-de-gestion-des-conflits\/#breadcrumb"},"inLanguage":"en-GB","potentialAction":[{"@type":"ReadAction","target":["https:\/\/europavarietas.org\/csdp_new\/index.php\/2018\/01\/11\/compte-rendu-lunion-europeenne-et-la-paix-linvention-dun-modele-europeen-de-gestion-des-conflits\/"]}]},{"@type":"BreadcrumbList","@id":"https:\/\/europavarietas.org\/csdp_new\/index.php\/2018\/01\/11\/compte-rendu-lunion-europeenne-et-la-paix-linvention-dun-modele-europeen-de-gestion-des-conflits\/#breadcrumb","itemListElement":[{"@type":"ListItem","position":1,"name":"Home","item":"https:\/\/europavarietas.org\/csdp_new\/"},{"@type":"ListItem","position":2,"name":"[Compte rendu] L\u2019Union europ\u00e9enne et la paix, L\u2019invention d\u2019un mod\u00e8le europ\u00e9en de gestion des conflits"}]},{"@type":"WebSite","@id":"https:\/\/europavarietas.org\/csdp_new\/#website","url":"https:\/\/europavarietas.org\/csdp_new\/","name":"CERPESC","description":"European Soultion for Defence and Crisis Management","publisher":{"@id":"https:\/\/europavarietas.org\/csdp_new\/#organization"},"potentialAction":[{"@type":"SearchAction","target":{"@type":"EntryPoint","urlTemplate":"https:\/\/europavarietas.org\/csdp_new\/?s={search_term_string}"},"query-input":{"@type":"PropertyValueSpecification","valueRequired":true,"valueName":"search_term_string"}}],"inLanguage":"en-GB"},{"@type":"Organization","@id":"https:\/\/europavarietas.org\/csdp_new\/#organization","name":"CERPESC","url":"https:\/\/europavarietas.org\/csdp_new\/","logo":{"@type":"ImageObject","inLanguage":"en-GB","@id":"https:\/\/europavarietas.org\/csdp_new\/#\/schema\/logo\/image\/","url":"https:\/\/europavarietas.org\/csdp_new\/wp-content\/uploads\/2023\/08\/cropped-cropped-cerpesc5_0.png","contentUrl":"https:\/\/europavarietas.org\/csdp_new\/wp-content\/uploads\/2023\/08\/cropped-cropped-cerpesc5_0.png","width":530,"height":97,"caption":"CERPESC"},"image":{"@id":"https:\/\/europavarietas.org\/csdp_new\/#\/schema\/logo\/image\/"}},{"@type":"Person","@id":"https:\/\/europavarietas.org\/csdp_new\/#\/schema\/person\/4bdb418b6652d2795a1c0627ce82c1ab","name":"Andr\u00e1s Istv\u00e1n T\u00dcRKE","image":{"@type":"ImageObject","inLanguage":"en-GB","@id":"https:\/\/europavarietas.org\/csdp_new\/#\/schema\/person\/image\/","url":"https:\/\/secure.gravatar.com\/avatar\/19d77d70065cf29dad6d60c3df5b443255b53aaecfbb81055024e590555ef2cd?s=96&d=mm&r=g","contentUrl":"https:\/\/secure.gravatar.com\/avatar\/19d77d70065cf29dad6d60c3df5b443255b53aaecfbb81055024e590555ef2cd?s=96&d=mm&r=g","caption":"Andr\u00e1s Istv\u00e1n T\u00dcRKE"},"description":"Andr\u00e1s Istv\u00e1n T\u00fcrke is a diplomacy &amp; security policy expert based in Switzerland. He specializes in European Foreign, Security &amp; Defence Policy and industrial base issues. He is expert in geopolitics of Africa and Western Balkans on strategic and economic issues. His research focuses on the peacekeeping and regional stability with emphasis on european solutions for defence &amp; crisis management. So far, his work has mostly drawn on EU, UN, AU and NATO activities but he has started to engage with other global and regional crisis management institutions.","sameAs":["https:\/\/univ-paris3.academia.edu\/AndrasTurke"],"url":"https:\/\/europavarietas.org\/csdp_new\/index.php\/author\/andrasturke\/"}]}},"_links":{"self":[{"href":"https:\/\/europavarietas.org\/csdp_new\/index.php\/wp-json\/wp\/v2\/posts\/566","targetHints":{"allow":["GET"]}}],"collection":[{"href":"https:\/\/europavarietas.org\/csdp_new\/index.php\/wp-json\/wp\/v2\/posts"}],"about":[{"href":"https:\/\/europavarietas.org\/csdp_new\/index.php\/wp-json\/wp\/v2\/types\/post"}],"author":[{"embeddable":true,"href":"https:\/\/europavarietas.org\/csdp_new\/index.php\/wp-json\/wp\/v2\/users\/2"}],"replies":[{"embeddable":true,"href":"https:\/\/europavarietas.org\/csdp_new\/index.php\/wp-json\/wp\/v2\/comments?post=566"}],"version-history":[{"count":5,"href":"https:\/\/europavarietas.org\/csdp_new\/index.php\/wp-json\/wp\/v2\/posts\/566\/revisions"}],"predecessor-version":[{"id":586,"href":"https:\/\/europavarietas.org\/csdp_new\/index.php\/wp-json\/wp\/v2\/posts\/566\/revisions\/586"}],"wp:attachment":[{"href":"https:\/\/europavarietas.org\/csdp_new\/index.php\/wp-json\/wp\/v2\/media?parent=566"}],"wp:term":[{"taxonomy":"category","embeddable":true,"href":"https:\/\/europavarietas.org\/csdp_new\/index.php\/wp-json\/wp\/v2\/categories?post=566"},{"taxonomy":"post_tag","embeddable":true,"href":"https:\/\/europavarietas.org\/csdp_new\/index.php\/wp-json\/wp\/v2\/tags?post=566"}],"curies":[{"name":"wp","href":"https:\/\/api.w.org\/{rel}","templated":true}]}}