{"id":527,"date":"2018-09-10T10:52:00","date_gmt":"2018-09-10T10:52:00","guid":{"rendered":"https:\/\/europavarietas.org\/csdp_new\/?p=527"},"modified":"2023-08-24T11:16:12","modified_gmt":"2023-08-24T11:16:12","slug":"arrogant-disgracious-behavior-of-the-eulex-kosovo-mission-updated-version","status":"publish","type":"post","link":"https:\/\/europavarietas.org\/csdp_new\/index.php\/2018\/09\/10\/arrogant-disgracious-behavior-of-the-eulex-kosovo-mission-updated-version\/","title":{"rendered":"Arrogant, disgracious behavior of the EULEX Kosovo mission (updated version)"},"content":{"rendered":"\t\t<div data-elementor-type=\"wp-post\" data-elementor-id=\"527\" class=\"elementor elementor-527\">\n\t\t\t\t\t\t<section class=\"elementor-section elementor-top-section elementor-element elementor-element-309ec72 elementor-section-boxed elementor-section-height-default elementor-section-height-default\" data-id=\"309ec72\" data-element_type=\"section\">\n\t\t\t\t\t\t<div class=\"elementor-container elementor-column-gap-default\">\n\t\t\t\t\t<div class=\"elementor-column elementor-col-100 elementor-top-column elementor-element elementor-element-4fc7790\" data-id=\"4fc7790\" data-element_type=\"column\">\n\t\t\t<div class=\"elementor-widget-wrap elementor-element-populated\">\n\t\t\t\t\t\t<div class=\"elementor-element elementor-element-545cf83 elementor-widget elementor-widget-text-editor\" data-id=\"545cf83\" data-element_type=\"widget\" data-widget_type=\"text-editor.default\">\n\t\t\t\t<div class=\"elementor-widget-container\">\n\t\t\t\t\t\t\t\t\t<p>I asked for more information on the activity of the mission and Iooked for an interview with the EULEX Kosovo mission. Several e-mails signed by no one have arrived : conversation with no-names, unable to understand my request and my questions.\u00a0<\/p><p>People who treat us as idiots who do not know the sites of the European Union (www.eeas.europa.eu and www.europa.eu). Poison pens who do not dare to sign a letter, people who do not dare to take responsibility. Which simply &#8220;did not feel like&#8221; transferring questions to the right people. Answers from an EU mission`s information service with visible evidence of not wanting to help. I have never encountered such a situation concerning an EU, UN (etc.) mission or operation&#8230;<\/p><p>(I have not had any other choice because unfortunately there is no more e-mail address on the site.)<\/p><p>We strongly doubt the importance of these information services funded by European citizens. They would be obliged to answer us.<\/p><p>They have webpage whose links do not work anymore. (I can imagine the thousands of euros that were paid for this.) But they do not stop creating advertising for themselves, in the name of genderism, book about the biography of the female mission`s members and the other things really very, very important. (In this case, no problem with urls.) Unbelievable.<\/p><p>My books and university textbooks about CSDP and EU missions are used by several universities all over Europe in Africa and elsewhere in education. In our next book on the Balkans this case will be mentioned.<\/p><p>&#8212;&#8211;<br \/>Dear Mr. T\u00fcrke,<br \/>As already mentioned on 2 and 9 August 2018, we do not have the resources to meet each request for information.<br \/>Having explained the above, we hereby inform you that we will not respond to any further inquiries on this matter.<\/p><p>Yours sincerely,<br \/>Office of Chief of Staff<br \/>EULEX Kosovo<\/p><p>From: Dr. T\u00dcRKE Andr\u00e1s Istv\u00e1n [mailto:(&#8230;)]<br \/>Sent: Wednesday, September 5, 2018 10:33<br \/>To: EULEX Kosovo Information &lt;EULEXKosovoInformation@eulex-kosovo.eu&gt;<br \/>Subject: request for additional informations II.<\/p><p>Dear Office of the Chief of Staff,<\/p><p>Please forward my e-mail towards competent persons, who are able to answer to my questions, like Ms. Alexandra Papadopoulou or Mr. Bernd Thran.<br \/>Thanks a lot.<\/p><p>Best regards:<br \/>Andras Istvan T\u00fcrke<br \/>director<br \/>\u2014<br \/>Europa Varietas Institute<br \/>www.europavarietas.org<\/p><p>Le 2 ao\u00fbt 2018 \u00e0 10:13:23, EULEX Kosovo Information (eulexkosovoinformation@eulex-kosovo.eu) a \u00e9crit:<\/p><p>Dear Mr T\u00fcrke,<br \/>Thank you for your email and interest in EULEX Kosovo.<br \/>Unfortunately, we do not currently have the resources to meet each request for information. While we regret not being able to accommodate your request for information, we would kindly direct you to the EULEX website (www.eulex-kosovo.eu) which contains information about the Mission, its work, press releases, EU in Kosovo, EU External Action, CSDP, and other relevant data. We would also kindly direct you to the websites of EEAS and EU, www.eeas.europa.eu and www.europa.eu respectively for more information.<\/p><p>Yours sincerely,<br \/>Office of the Chief of Staff<br \/>EULEX Kosovo<\/p><p>From: Dr. T\u00dcRKE Andr\u00e1s Istv\u00e1n [mailto:(&#8230;)]<br \/>Sent: Thursday, 19 July 2018 10:18<br \/>To: EULEX Kosovo Information<br \/>Subject: request for additional informations<\/p><p>Madam \/ Sir,<\/p><p>I am director of the independent Swiss based Europa Varietas Institute.<\/p><p>I am writing a book about EU diplomacy and mission in the Western Balkans (1991-2018) and I request for some additional informations about the activity of EULEX Kosovo.<\/p><p>I read a lot of very critical books about EULEX activity during the period 2008-2013, the mission was accused to being biased towards former UCK members.<br \/>I would like to know how far the mission has been changed since them.<br \/>What are the on-site experiences, the most important challenges to overcome?<br \/>What are the lessons learned compared to other EULEX missions?<br \/>I would like to have information that is beyond the official EU texts.<\/p><p>&#8212;<br \/>I need some lists<br \/>&#8211; about prosecutors investigated 400 war crimes<br \/>&#8211; about the 150 drafted laws<br \/>&#8211; about EULEX HoMs with period of activity<\/p><p>Other interesting documents are welcome.<\/p><p>I need also these documents but impossible to download, there are a lot of bugs on your site :<br \/>http:\/\/www.eulex-kosovo.eu\/docs\/justice\/judgments\/criminal-proceedings\/DCPrishtina\/Nexhat-Daci\/img-Y101510-0001.pdf<br \/>http:\/\/www.eulex-kosovo.eu\/docs\/justice\/judgments\/criminal-proceedings\/DCPrishtina\/ShefkaShasivari\/img-Y111703-0001.pdf<br \/>(+ other and older verdicts)<\/p><p>Thanks a lot.<\/p><p>Best regards:<br \/>Andras Istvan T\u00fcrke<br \/>director<\/p><p>\u2014<br \/>Europa Varietas Institute<br \/>www.europavarietas.org<\/p>\t\t\t\t\t\t\t\t<\/div>\n\t\t\t\t<\/div>\n\t\t\t\t\t<\/div>\n\t\t<\/div>\n\t\t\t\t\t<\/div>\n\t\t<\/section>\n\t\t\t\t<section class=\"elementor-section elementor-top-section elementor-element elementor-element-556994f elementor-section-boxed elementor-section-height-default elementor-section-height-default\" data-id=\"556994f\" data-element_type=\"section\">\n\t\t\t\t\t\t<div class=\"elementor-container elementor-column-gap-default\">\n\t\t\t\t\t<div class=\"elementor-column elementor-col-100 elementor-top-column elementor-element elementor-element-d36ff3c\" data-id=\"d36ff3c\" data-element_type=\"column\">\n\t\t\t<div class=\"elementor-widget-wrap elementor-element-populated\">\n\t\t\t\t\t\t<div class=\"elementor-element elementor-element-6f632d5 elementor-widget elementor-widget-text-editor\" data-id=\"6f632d5\" data-element_type=\"widget\" data-widget_type=\"text-editor.default\">\n\t\t\t\t<div class=\"elementor-widget-container\">\n\t\t\t\t\t\t\t\t\t<p>UPDATE on\u00a0Mon, 17\/12\/2018 &#8211; 13:21.<\/p><p>Answer from EEAS<\/p><p>After this &#8220;story&#8221; with EULEX I asked Europe Direct at EEAS to have more information on this mission. After 2.5 months of waiting I received this insignificant answer from a certain &#8220;Johannes&#8221;. I asked for information in French, official and work language of the EU (at least legally) but they were unable to answer me in French. No comment.\u00a0<\/p><p>&#8220;Dear Andras T\u00fcrke,<\/p><p>Thank you for contacting the Europe Direct Contact Centre.<br \/>You will find below the answer from the EEAS :<\/p><p>We have followed-up on this request both within the Civilian Planning and Conduct Capability and with EULEX Kosovo. Due to legal and procedural considerations as well as due to the unspecified nature of parts of the request,<br \/>EULEX Kosovo will not be able to answer positively to the requests made by Dr. Andr\u00e0s T\u00fcrke.<\/p><p>Best regards,<br \/>Johannes<\/p><p>Policy officer Kosovo<br \/>Civilian Planning and Conduct Capability<br \/>(CPCC)<\/p><p>We hope you find this information useful. Please contact us again if you have other questions about the European Union, its activities or institutions.&#8221;<\/p>\t\t\t\t\t\t\t\t<\/div>\n\t\t\t\t<\/div>\n\t\t\t\t\t<\/div>\n\t\t<\/div>\n\t\t\t\t\t<\/div>\n\t\t<\/section>\n\t\t\t\t<\/div>\n\t\t","protected":false},"excerpt":{"rendered":"<p>I asked for more information on the activity of the mission and Iooked for an interview with the EULEX Kosovo mission. Several e-mails signed by no one have arrived : conversation with no-names, unable to understand my request and my questions.\u00a0 People who treat us as idiots who do not know the sites of the&#8230;<\/p>\n","protected":false},"author":2,"featured_media":0,"comment_status":"open","ping_status":"open","sticky":false,"template":"","format":"standard","meta":{"footnotes":""},"categories":[3],"tags":[],"class_list":["post-527","post","type-post","status-publish","format-standard","hentry","category-cerpesc"],"yoast_head":"<!-- This site is optimized with the Yoast SEO plugin v26.5 - https:\/\/yoast.com\/wordpress\/plugins\/seo\/ -->\n<title>Arrogant, disgracious behavior of the EULEX Kosovo mission (updated version) - CERPESC<\/title>\n<meta name=\"description\" content=\"Arrogant, disgracious behavior of the EULEX Kosovo mission towards seekers and researchers.\" \/>\n<meta name=\"robots\" content=\"index, follow, max-snippet:-1, max-image-preview:large, max-video-preview:-1\" \/>\n<link rel=\"canonical\" href=\"https:\/\/europavarietas.org\/csdp_new\/index.php\/2018\/09\/10\/arrogant-disgracious-behavior-of-the-eulex-kosovo-mission-updated-version\/\" \/>\n<meta property=\"og:locale\" content=\"en_GB\" \/>\n<meta property=\"og:type\" content=\"article\" \/>\n<meta property=\"og:title\" content=\"Arrogant, disgracious behavior of the EULEX Kosovo mission (updated version) - CERPESC\" \/>\n<meta property=\"og:description\" content=\"Arrogant, disgracious behavior of the EULEX Kosovo mission towards seekers and researchers.\" \/>\n<meta property=\"og:url\" content=\"https:\/\/europavarietas.org\/csdp_new\/index.php\/2018\/09\/10\/arrogant-disgracious-behavior-of-the-eulex-kosovo-mission-updated-version\/\" \/>\n<meta property=\"og:site_name\" content=\"CERPESC\" \/>\n<meta property=\"article:published_time\" content=\"2018-09-10T10:52:00+00:00\" \/>\n<meta property=\"article:modified_time\" content=\"2023-08-24T11:16:12+00:00\" \/>\n<meta name=\"author\" content=\"Andr\u00e1s Istv\u00e1n T\u00dcRKE\" \/>\n<meta name=\"twitter:card\" content=\"summary_large_image\" \/>\n<meta name=\"twitter:label1\" content=\"Written by\" \/>\n\t<meta name=\"twitter:data1\" content=\"Andr\u00e1s Istv\u00e1n T\u00dcRKE\" \/>\n\t<meta name=\"twitter:label2\" content=\"Estimated reading time\" \/>\n\t<meta name=\"twitter:data2\" content=\"4 minutes\" \/>\n<script type=\"application\/ld+json\" class=\"yoast-schema-graph\">{\"@context\":\"https:\/\/schema.org\",\"@graph\":[{\"@type\":\"Article\",\"@id\":\"https:\/\/europavarietas.org\/csdp_new\/index.php\/2018\/09\/10\/arrogant-disgracious-behavior-of-the-eulex-kosovo-mission-updated-version\/#article\",\"isPartOf\":{\"@id\":\"https:\/\/europavarietas.org\/csdp_new\/index.php\/2018\/09\/10\/arrogant-disgracious-behavior-of-the-eulex-kosovo-mission-updated-version\/\"},\"author\":{\"name\":\"Andr\u00e1s Istv\u00e1n T\u00dcRKE\",\"@id\":\"https:\/\/europavarietas.org\/csdp_new\/#\/schema\/person\/4bdb418b6652d2795a1c0627ce82c1ab\"},\"headline\":\"Arrogant, disgracious behavior of the EULEX Kosovo mission (updated version)\",\"datePublished\":\"2018-09-10T10:52:00+00:00\",\"dateModified\":\"2023-08-24T11:16:12+00:00\",\"mainEntityOfPage\":{\"@id\":\"https:\/\/europavarietas.org\/csdp_new\/index.php\/2018\/09\/10\/arrogant-disgracious-behavior-of-the-eulex-kosovo-mission-updated-version\/\"},\"wordCount\":908,\"commentCount\":0,\"publisher\":{\"@id\":\"https:\/\/europavarietas.org\/csdp_new\/#organization\"},\"articleSection\":[\"CERPESC\"],\"inLanguage\":\"en-GB\",\"potentialAction\":[{\"@type\":\"CommentAction\",\"name\":\"Comment\",\"target\":[\"https:\/\/europavarietas.org\/csdp_new\/index.php\/2018\/09\/10\/arrogant-disgracious-behavior-of-the-eulex-kosovo-mission-updated-version\/#respond\"]}]},{\"@type\":\"WebPage\",\"@id\":\"https:\/\/europavarietas.org\/csdp_new\/index.php\/2018\/09\/10\/arrogant-disgracious-behavior-of-the-eulex-kosovo-mission-updated-version\/\",\"url\":\"https:\/\/europavarietas.org\/csdp_new\/index.php\/2018\/09\/10\/arrogant-disgracious-behavior-of-the-eulex-kosovo-mission-updated-version\/\",\"name\":\"Arrogant, disgracious behavior of the EULEX Kosovo mission (updated version) - CERPESC\",\"isPartOf\":{\"@id\":\"https:\/\/europavarietas.org\/csdp_new\/#website\"},\"datePublished\":\"2018-09-10T10:52:00+00:00\",\"dateModified\":\"2023-08-24T11:16:12+00:00\",\"description\":\"Arrogant, disgracious behavior of the EULEX Kosovo mission towards seekers and researchers.\",\"breadcrumb\":{\"@id\":\"https:\/\/europavarietas.org\/csdp_new\/index.php\/2018\/09\/10\/arrogant-disgracious-behavior-of-the-eulex-kosovo-mission-updated-version\/#breadcrumb\"},\"inLanguage\":\"en-GB\",\"potentialAction\":[{\"@type\":\"ReadAction\",\"target\":[\"https:\/\/europavarietas.org\/csdp_new\/index.php\/2018\/09\/10\/arrogant-disgracious-behavior-of-the-eulex-kosovo-mission-updated-version\/\"]}]},{\"@type\":\"BreadcrumbList\",\"@id\":\"https:\/\/europavarietas.org\/csdp_new\/index.php\/2018\/09\/10\/arrogant-disgracious-behavior-of-the-eulex-kosovo-mission-updated-version\/#breadcrumb\",\"itemListElement\":[{\"@type\":\"ListItem\",\"position\":1,\"name\":\"Home\",\"item\":\"https:\/\/europavarietas.org\/csdp_new\/\"},{\"@type\":\"ListItem\",\"position\":2,\"name\":\"Arrogant, disgracious behavior of the EULEX Kosovo mission (updated version)\"}]},{\"@type\":\"WebSite\",\"@id\":\"https:\/\/europavarietas.org\/csdp_new\/#website\",\"url\":\"https:\/\/europavarietas.org\/csdp_new\/\",\"name\":\"CERPESC\",\"description\":\"European Soultion for Defence and Crisis Management\",\"publisher\":{\"@id\":\"https:\/\/europavarietas.org\/csdp_new\/#organization\"},\"potentialAction\":[{\"@type\":\"SearchAction\",\"target\":{\"@type\":\"EntryPoint\",\"urlTemplate\":\"https:\/\/europavarietas.org\/csdp_new\/?s={search_term_string}\"},\"query-input\":{\"@type\":\"PropertyValueSpecification\",\"valueRequired\":true,\"valueName\":\"search_term_string\"}}],\"inLanguage\":\"en-GB\"},{\"@type\":\"Organization\",\"@id\":\"https:\/\/europavarietas.org\/csdp_new\/#organization\",\"name\":\"CERPESC\",\"url\":\"https:\/\/europavarietas.org\/csdp_new\/\",\"logo\":{\"@type\":\"ImageObject\",\"inLanguage\":\"en-GB\",\"@id\":\"https:\/\/europavarietas.org\/csdp_new\/#\/schema\/logo\/image\/\",\"url\":\"https:\/\/europavarietas.org\/csdp_new\/wp-content\/uploads\/2023\/08\/cropped-cropped-cerpesc5_0.png\",\"contentUrl\":\"https:\/\/europavarietas.org\/csdp_new\/wp-content\/uploads\/2023\/08\/cropped-cropped-cerpesc5_0.png\",\"width\":530,\"height\":97,\"caption\":\"CERPESC\"},\"image\":{\"@id\":\"https:\/\/europavarietas.org\/csdp_new\/#\/schema\/logo\/image\/\"}},{\"@type\":\"Person\",\"@id\":\"https:\/\/europavarietas.org\/csdp_new\/#\/schema\/person\/4bdb418b6652d2795a1c0627ce82c1ab\",\"name\":\"Andr\u00e1s Istv\u00e1n T\u00dcRKE\",\"image\":{\"@type\":\"ImageObject\",\"inLanguage\":\"en-GB\",\"@id\":\"https:\/\/europavarietas.org\/csdp_new\/#\/schema\/person\/image\/\",\"url\":\"https:\/\/secure.gravatar.com\/avatar\/19d77d70065cf29dad6d60c3df5b443255b53aaecfbb81055024e590555ef2cd?s=96&d=mm&r=g\",\"contentUrl\":\"https:\/\/secure.gravatar.com\/avatar\/19d77d70065cf29dad6d60c3df5b443255b53aaecfbb81055024e590555ef2cd?s=96&d=mm&r=g\",\"caption\":\"Andr\u00e1s Istv\u00e1n T\u00dcRKE\"},\"description\":\"Andr\u00e1s Istv\u00e1n T\u00fcrke is a diplomacy &amp; security policy expert based in Switzerland. He specializes in European Foreign, Security &amp; Defence Policy and industrial base issues. He is expert in geopolitics of Africa and Western Balkans on strategic and economic issues. His research focuses on the peacekeeping and regional stability with emphasis on european solutions for defence &amp; crisis management. So far, his work has mostly drawn on EU, UN, AU and NATO activities but he has started to engage with other global and regional crisis management institutions.\",\"sameAs\":[\"https:\/\/univ-paris3.academia.edu\/AndrasTurke\"],\"url\":\"https:\/\/europavarietas.org\/csdp_new\/index.php\/author\/andrasturke\/\"}]}<\/script>\n<!-- \/ Yoast SEO plugin. -->","yoast_head_json":{"title":"Arrogant, disgracious behavior of the EULEX Kosovo mission (updated version) - CERPESC","description":"Arrogant, disgracious behavior of the EULEX Kosovo mission towards seekers and researchers.","robots":{"index":"index","follow":"follow","max-snippet":"max-snippet:-1","max-image-preview":"max-image-preview:large","max-video-preview":"max-video-preview:-1"},"canonical":"https:\/\/europavarietas.org\/csdp_new\/index.php\/2018\/09\/10\/arrogant-disgracious-behavior-of-the-eulex-kosovo-mission-updated-version\/","og_locale":"en_GB","og_type":"article","og_title":"Arrogant, disgracious behavior of the EULEX Kosovo mission (updated version) - CERPESC","og_description":"Arrogant, disgracious behavior of the EULEX Kosovo mission towards seekers and researchers.","og_url":"https:\/\/europavarietas.org\/csdp_new\/index.php\/2018\/09\/10\/arrogant-disgracious-behavior-of-the-eulex-kosovo-mission-updated-version\/","og_site_name":"CERPESC","article_published_time":"2018-09-10T10:52:00+00:00","article_modified_time":"2023-08-24T11:16:12+00:00","author":"Andr\u00e1s Istv\u00e1n T\u00dcRKE","twitter_card":"summary_large_image","twitter_misc":{"Written by":"Andr\u00e1s Istv\u00e1n T\u00dcRKE","Estimated reading time":"4 minutes"},"schema":{"@context":"https:\/\/schema.org","@graph":[{"@type":"Article","@id":"https:\/\/europavarietas.org\/csdp_new\/index.php\/2018\/09\/10\/arrogant-disgracious-behavior-of-the-eulex-kosovo-mission-updated-version\/#article","isPartOf":{"@id":"https:\/\/europavarietas.org\/csdp_new\/index.php\/2018\/09\/10\/arrogant-disgracious-behavior-of-the-eulex-kosovo-mission-updated-version\/"},"author":{"name":"Andr\u00e1s Istv\u00e1n T\u00dcRKE","@id":"https:\/\/europavarietas.org\/csdp_new\/#\/schema\/person\/4bdb418b6652d2795a1c0627ce82c1ab"},"headline":"Arrogant, disgracious behavior of the EULEX Kosovo mission (updated version)","datePublished":"2018-09-10T10:52:00+00:00","dateModified":"2023-08-24T11:16:12+00:00","mainEntityOfPage":{"@id":"https:\/\/europavarietas.org\/csdp_new\/index.php\/2018\/09\/10\/arrogant-disgracious-behavior-of-the-eulex-kosovo-mission-updated-version\/"},"wordCount":908,"commentCount":0,"publisher":{"@id":"https:\/\/europavarietas.org\/csdp_new\/#organization"},"articleSection":["CERPESC"],"inLanguage":"en-GB","potentialAction":[{"@type":"CommentAction","name":"Comment","target":["https:\/\/europavarietas.org\/csdp_new\/index.php\/2018\/09\/10\/arrogant-disgracious-behavior-of-the-eulex-kosovo-mission-updated-version\/#respond"]}]},{"@type":"WebPage","@id":"https:\/\/europavarietas.org\/csdp_new\/index.php\/2018\/09\/10\/arrogant-disgracious-behavior-of-the-eulex-kosovo-mission-updated-version\/","url":"https:\/\/europavarietas.org\/csdp_new\/index.php\/2018\/09\/10\/arrogant-disgracious-behavior-of-the-eulex-kosovo-mission-updated-version\/","name":"Arrogant, disgracious behavior of the EULEX Kosovo mission (updated version) - CERPESC","isPartOf":{"@id":"https:\/\/europavarietas.org\/csdp_new\/#website"},"datePublished":"2018-09-10T10:52:00+00:00","dateModified":"2023-08-24T11:16:12+00:00","description":"Arrogant, disgracious behavior of the EULEX Kosovo mission towards seekers and researchers.","breadcrumb":{"@id":"https:\/\/europavarietas.org\/csdp_new\/index.php\/2018\/09\/10\/arrogant-disgracious-behavior-of-the-eulex-kosovo-mission-updated-version\/#breadcrumb"},"inLanguage":"en-GB","potentialAction":[{"@type":"ReadAction","target":["https:\/\/europavarietas.org\/csdp_new\/index.php\/2018\/09\/10\/arrogant-disgracious-behavior-of-the-eulex-kosovo-mission-updated-version\/"]}]},{"@type":"BreadcrumbList","@id":"https:\/\/europavarietas.org\/csdp_new\/index.php\/2018\/09\/10\/arrogant-disgracious-behavior-of-the-eulex-kosovo-mission-updated-version\/#breadcrumb","itemListElement":[{"@type":"ListItem","position":1,"name":"Home","item":"https:\/\/europavarietas.org\/csdp_new\/"},{"@type":"ListItem","position":2,"name":"Arrogant, disgracious behavior of the EULEX Kosovo mission (updated version)"}]},{"@type":"WebSite","@id":"https:\/\/europavarietas.org\/csdp_new\/#website","url":"https:\/\/europavarietas.org\/csdp_new\/","name":"CERPESC","description":"European Soultion for Defence and Crisis Management","publisher":{"@id":"https:\/\/europavarietas.org\/csdp_new\/#organization"},"potentialAction":[{"@type":"SearchAction","target":{"@type":"EntryPoint","urlTemplate":"https:\/\/europavarietas.org\/csdp_new\/?s={search_term_string}"},"query-input":{"@type":"PropertyValueSpecification","valueRequired":true,"valueName":"search_term_string"}}],"inLanguage":"en-GB"},{"@type":"Organization","@id":"https:\/\/europavarietas.org\/csdp_new\/#organization","name":"CERPESC","url":"https:\/\/europavarietas.org\/csdp_new\/","logo":{"@type":"ImageObject","inLanguage":"en-GB","@id":"https:\/\/europavarietas.org\/csdp_new\/#\/schema\/logo\/image\/","url":"https:\/\/europavarietas.org\/csdp_new\/wp-content\/uploads\/2023\/08\/cropped-cropped-cerpesc5_0.png","contentUrl":"https:\/\/europavarietas.org\/csdp_new\/wp-content\/uploads\/2023\/08\/cropped-cropped-cerpesc5_0.png","width":530,"height":97,"caption":"CERPESC"},"image":{"@id":"https:\/\/europavarietas.org\/csdp_new\/#\/schema\/logo\/image\/"}},{"@type":"Person","@id":"https:\/\/europavarietas.org\/csdp_new\/#\/schema\/person\/4bdb418b6652d2795a1c0627ce82c1ab","name":"Andr\u00e1s Istv\u00e1n T\u00dcRKE","image":{"@type":"ImageObject","inLanguage":"en-GB","@id":"https:\/\/europavarietas.org\/csdp_new\/#\/schema\/person\/image\/","url":"https:\/\/secure.gravatar.com\/avatar\/19d77d70065cf29dad6d60c3df5b443255b53aaecfbb81055024e590555ef2cd?s=96&d=mm&r=g","contentUrl":"https:\/\/secure.gravatar.com\/avatar\/19d77d70065cf29dad6d60c3df5b443255b53aaecfbb81055024e590555ef2cd?s=96&d=mm&r=g","caption":"Andr\u00e1s Istv\u00e1n T\u00dcRKE"},"description":"Andr\u00e1s Istv\u00e1n T\u00fcrke is a diplomacy &amp; security policy expert based in Switzerland. He specializes in European Foreign, Security &amp; Defence Policy and industrial base issues. He is expert in geopolitics of Africa and Western Balkans on strategic and economic issues. His research focuses on the peacekeeping and regional stability with emphasis on european solutions for defence &amp; crisis management. So far, his work has mostly drawn on EU, UN, AU and NATO activities but he has started to engage with other global and regional crisis management institutions.","sameAs":["https:\/\/univ-paris3.academia.edu\/AndrasTurke"],"url":"https:\/\/europavarietas.org\/csdp_new\/index.php\/author\/andrasturke\/"}]}},"_links":{"self":[{"href":"https:\/\/europavarietas.org\/csdp_new\/index.php\/wp-json\/wp\/v2\/posts\/527","targetHints":{"allow":["GET"]}}],"collection":[{"href":"https:\/\/europavarietas.org\/csdp_new\/index.php\/wp-json\/wp\/v2\/posts"}],"about":[{"href":"https:\/\/europavarietas.org\/csdp_new\/index.php\/wp-json\/wp\/v2\/types\/post"}],"author":[{"embeddable":true,"href":"https:\/\/europavarietas.org\/csdp_new\/index.php\/wp-json\/wp\/v2\/users\/2"}],"replies":[{"embeddable":true,"href":"https:\/\/europavarietas.org\/csdp_new\/index.php\/wp-json\/wp\/v2\/comments?post=527"}],"version-history":[{"count":11,"href":"https:\/\/europavarietas.org\/csdp_new\/index.php\/wp-json\/wp\/v2\/posts\/527\/revisions"}],"predecessor-version":[{"id":539,"href":"https:\/\/europavarietas.org\/csdp_new\/index.php\/wp-json\/wp\/v2\/posts\/527\/revisions\/539"}],"wp:attachment":[{"href":"https:\/\/europavarietas.org\/csdp_new\/index.php\/wp-json\/wp\/v2\/media?parent=527"}],"wp:term":[{"taxonomy":"category","embeddable":true,"href":"https:\/\/europavarietas.org\/csdp_new\/index.php\/wp-json\/wp\/v2\/categories?post=527"},{"taxonomy":"post_tag","embeddable":true,"href":"https:\/\/europavarietas.org\/csdp_new\/index.php\/wp-json\/wp\/v2\/tags?post=527"}],"curies":[{"name":"wp","href":"https:\/\/api.w.org\/{rel}","templated":true}]}}