{"id":383,"date":"2008-01-02T21:01:00","date_gmt":"2008-01-02T21:01:00","guid":{"rendered":"https:\/\/europavarietas.org\/csdp_new\/?p=383"},"modified":"2025-03-03T09:24:42","modified_gmt":"2025-03-03T09:24:42","slug":"livre2turke","status":"publish","type":"post","link":"https:\/\/europavarietas.org\/csdp_new\/index.php\/2008\/01\/02\/livre2turke\/","title":{"rendered":"CSDP in Africa"},"content":{"rendered":"\t\t<div data-elementor-type=\"wp-post\" data-elementor-id=\"383\" class=\"elementor elementor-383\">\n\t\t\t\t\t\t<section class=\"elementor-section elementor-top-section elementor-element elementor-element-d6c5cb5 elementor-section-boxed elementor-section-height-default elementor-section-height-default\" data-id=\"d6c5cb5\" data-element_type=\"section\">\n\t\t\t\t\t\t<div class=\"elementor-container elementor-column-gap-default\">\n\t\t\t\t\t<div class=\"elementor-column elementor-col-100 elementor-top-column elementor-element elementor-element-092a684\" data-id=\"092a684\" data-element_type=\"column\">\n\t\t\t<div class=\"elementor-widget-wrap elementor-element-populated\">\n\t\t\t\t\t\t<div class=\"elementor-element elementor-element-0256f4f elementor-widget elementor-widget-text-editor\" data-id=\"0256f4f\" data-element_type=\"widget\" data-widget_type=\"text-editor.default\">\n\t\t\t\t<div class=\"elementor-widget-container\">\n\t\t\t\t\t\t\t\t\t<h1 id=\"page-title\" class=\"title\">La PSDC en Afrique (book)<\/h1><center><strong>LA GEOPOLITIQUE DES PREMIERES MISSIONS DE L&#8217;UNION EUROPEENNE EN AFRIQUE<\/strong><br \/>Andras Istvan T\u00fcrke<br \/><em>(With the English contribution of Andr\u00e1s Hettyey about Somalia)<\/em><br \/>L`Harmattan, Paris, 2013, <strong>2016<\/strong> (nouvelle \u00e9dition mise \u00e0 jour et am\u00e9lior\u00e9e)\u00a0<\/center><center><a href=\"https:\/\/www.academia.edu\/24990635\/La_g\u00e9opolitique_des_premi\u00e8res_missions_de_lUnion_europ\u00e9enne_en_Afrique_Second_updated_edition_2016_\" target=\"_blank\" rel=\"noopener\">FREE DOWNLOAD<\/a><br \/>commander le livre via CERPESC : info@europavarietas.org<br \/><a href=\"http:\/\/europavarietas.org\/csdp\/files\/megrendeles2.jpg\" target=\"_blank\" rel=\"noopener\">Maquette de couverture<\/a><br \/><a href=\"http:\/\/www.editions-harmattan.fr\/index.asp?navig=catalogue&amp;obj=livre&amp;no=50452&amp;razSqlClone=1\" target=\"_blank\" rel=\"noopener\">Le livre sur le site de L&#8217;Harmattan<\/a><br \/><a href=\"http:\/\/www.europavarietas.org\/csdp\/files\/la_geopolitique_missions_afrique_images.pdf\" target=\"_blank\" rel=\"noopener\">Images, cartes, illustrations compl\u00e9mentaires (gratuit)<\/a><br \/><a href=\"http:\/\/www.europavarietas.org\/csdp\/files\/extrait_la_geopolitique_des_premieres_missions_de_l.pdf\" target=\"_blank\" rel=\"noopener\">Extrait du livre (\u00e9d. 2013)<\/a><br \/>+<br \/><a href=\"http:\/\/europavarietas.org\/csdp\/csdpblog\/missions_de_ue_afrique_interview_turke\" target=\"_blank\" rel=\"noopener\">Interview avec l`auteur<\/a><br \/><a href=\"http:\/\/europavarietas.org\/csdp\/files\/eu_africa_summit_bib.pdf\" target=\"_blank\" rel=\"noopener\">This book is among the recommended publications of the European Commission &#8211; The Central Library recommends: selected publications on Africa and the EU<\/a><br \/><a href=\"http:\/\/www.eufp.eu\/common-security-and-defense-policy\" target=\"_blank\" rel=\"noopener\">This book is among the CSDP Literature of ANTERO, EU Foreign Policy Education &amp; Research Network<\/a><br \/>This book is one of the basic literature of CSDP courses at the french <a href=\"http:\/\/www2.u-szeged.hu\/cuf\/\" target=\"_blank\" rel=\"noopener\">University of Szeged<\/a> (with the collaboration of the University of Lille (France) and the Senghor University (Egypt) : Master in European Studies and Master in African Studies.<\/center><center><\/center><center><a href=\"http:\/\/www.publikon.hu\/htmls\/konyveink.html?ID=170\" target=\"_blank\" rel=\"noopener\">A k\u00f6nyv magyar ford\u00edt\u00e1s\u00e1nak megrendel\u00e9se Magyarorsz\u00e1gon<\/a><br \/><em>We are looking for sponsors for the English and German translation of this book, please contact turkeandras(at)gmail(dot)com<\/em><\/center><p>Ce deuxi\u00e8me ouvrage de l&#8217;auteur concernant la politique \u00e9trang\u00e8re et de d\u00e9fense de l\u2019Union europ\u00e9enne \u00e9tudie l\u2019\u00e9volution des missions et op\u00e9rations de la PESD\/PSDC en Afrique, dans le concert de la diplomatie europ\u00e9enne et l&#8217;activit\u00e9 des organisations internationales et des diff\u00e9rents acteurs. L&#8217;approche r\u00e9gionale nous aide \u00e0 comprendre la complexit\u00e9 des enjeux et des d\u00e9fis, la structure des conflits, et \u00e0 analyser les interactions transfrontali\u00e8res.<br \/>Les premi\u00e8res missions et op\u00e9rations sont l\u2019expression concr\u00e8te de la volont\u00e9 de l\u2019Union d\u2019agir. Agir pour promouvoir la paix et la stabilit\u00e9, agir pour contribuer \u00e0 la pr\u00e9vention et \u00e0 la r\u00e9solution de conflits. Mais, est-ce que les missions europ\u00e9ennes strictement limit\u00e9es dans l&#8217;espace et dans le temps sont capables de contribuer \u00e0 la stabilisation en Afrique?<br \/>Le contient africain au c\u0153ur des int\u00e9r\u00eats des grandes puissances surtout \u00e0 cause des mati\u00e8res premi\u00e8res strat\u00e9giques, le terrorisme international, la piraterie et de plus en plus pour la migration et la fuite des cerveaux. L\u2019int\u00e9r\u00eat de l\u2019Union europ\u00e9enne est garantir sa propre s\u00e9curit\u00e9 et ses besoins et qu\u2019elle soit un partenaire fiable des pays et organisations africains. L\u2019Afrique a besoin des aides et des subventions, plusieurs \u00c9tats sont incapables de garantir leur propre s\u00e9curit\u00e9. La g\u00e9opolitique en Afrique a une priorit\u00e9 absolue.<br \/>La question principale \u00e0 laquelle l\u2018auteur cherche la r\u00e9ponse, c\u2019est dans quelle mesure l\u2019Union peut-elle devenir un acteur international. Comment l\u2019Union peut-elle transformer sa puissance \u00e9conomique en une puissance politique dans le syst\u00e8me international du XXI\u00e8me si\u00e8cle. Comment concevons nous la coop\u00e9ration entre les institutions de l\u2019Union europ\u00e9enne et celles de l\u2019Union africaine et de l&#8217;OTAN ?<\/p><p><em>Ancien visiting fellow de l\u2019EUISS et de la Commission de D\u00e9fense de l\u2019Assembl\u00e9e de l\u2019UEO, Andr\u00e1s Istv\u00e1n T\u00fcrke est docteur de Paris III-Sorbonne Nouvelle. Il a effectu\u00e9 sa th\u00e8se sur l\u2019\u00e9volution de la d\u00e9fense europ\u00e9enne et travaille aujourd\u2019hui comme consultant pour les questions internationales et de d\u00e9fense. Il est chercheur associ\u00e9 de plusieurs instituts de recherche en France en Hongrie et en Suisse.<\/em><\/p><p>256 p.<\/p>\t\t\t\t\t\t\t\t<\/div>\n\t\t\t\t<\/div>\n\t\t\t\t\t<\/div>\n\t\t<\/div>\n\t\t\t\t\t<\/div>\n\t\t<\/section>\n\t\t\t\t<section class=\"elementor-section elementor-top-section elementor-element elementor-element-33e35f6 elementor-section-boxed elementor-section-height-default elementor-section-height-default\" data-id=\"33e35f6\" data-element_type=\"section\">\n\t\t\t\t\t\t<div class=\"elementor-container elementor-column-gap-default\">\n\t\t\t\t\t<div class=\"elementor-column elementor-col-100 elementor-top-column elementor-element elementor-element-204d9e0\" data-id=\"204d9e0\" data-element_type=\"column\">\n\t\t\t<div class=\"elementor-widget-wrap elementor-element-populated\">\n\t\t\t\t\t\t<div class=\"elementor-element elementor-element-3caa815 elementor-widget elementor-widget-text-editor\" data-id=\"3caa815\" data-element_type=\"widget\" data-widget_type=\"text-editor.default\">\n\t\t\t\t<div class=\"elementor-widget-container\">\n\t\t\t\t\t\t\t\t\t<p>TABLES DES MATIERES<\/p><p>CHAPITRE I. Les enjeux et les d\u00e9fis europ\u00e9ens en Afrique<br \/>\/N\u00e9ocolonisation ou nouvelles strat\u00e9gies pour une pr\u00e9sence en Afrique ?\/<\/p><p>CHAPITRE II. Les missions de l\u2019Union europ\u00e9enne en R\u00e9publique D\u00e9mocratique du Congo<\/p><p>CHAPITRE III. L\u2019Union europ\u00e9enne et la crise du Darfour<br \/>\/Les missions de l\u2019Union europ\u00e9enne au Soudan, au Tchad et dans la R\u00e9publique centrafricaine\/<\/p><p>CHAPITRE IV. La r\u00e9forme du secteur de s\u00e9curit\u00e9 en Guin\u00e9e-Bissau<\/p><p>CHAPITRE V. L&#8217;Union europ\u00e9enne, la PSDC et la crise en Libye<br \/>\/EUFOR Libye : \u00ab L&#8217;op\u00e9ration fantomis\u00e9e de la l\u00e9gion invisible? \u00bb\/<\/p><p>CHAPITRE VI. Somalia, East Africa and the EU: Geopolitics, drivers and \u201ccomprehensive\u201d engagement<br \/>(Andr\u00e1s Hettyey)<\/p><p>Conclusion g\u00e9n\u00e9rale<br \/>Bibliographie<\/p><p>\u00a0<\/p><p><strong>Commander le livre : info(@)europavarietas(.)org<\/strong><br \/>&#8212;&#8212;&#8212;&#8212;&#8212;&#8212;&#8211;<br \/>Du m\u00eame auteur :<\/p><p><a href=\"http:\/\/www.europavarietas.org\/csdp\/turkelivre\">LA POLITIQUE EUROPEENNE DE SECURITE ET DE DEFENSE<br \/>QUEL BILAN APRES DIX ANS? QUELLES NOUVELLES ORIENTATIONS ?<\/a><br \/>L`Harmattan, Paris, 2012<\/p>\t\t\t\t\t\t\t\t<\/div>\n\t\t\t\t<\/div>\n\t\t\t\t\t<\/div>\n\t\t<\/div>\n\t\t\t\t\t<\/div>\n\t\t<\/section>\n\t\t\t\t<section class=\"elementor-section elementor-top-section elementor-element elementor-element-cb29fe9 elementor-section-boxed elementor-section-height-default elementor-section-height-default\" data-id=\"cb29fe9\" data-element_type=\"section\">\n\t\t\t\t\t\t<div class=\"elementor-container elementor-column-gap-default\">\n\t\t\t\t\t<div class=\"elementor-column elementor-col-100 elementor-top-column elementor-element elementor-element-4dbf81e\" data-id=\"4dbf81e\" data-element_type=\"column\">\n\t\t\t<div class=\"elementor-widget-wrap elementor-element-populated\">\n\t\t\t\t\t\t<div class=\"elementor-element elementor-element-3df6d59 elementor-widget elementor-widget-image\" data-id=\"3df6d59\" data-element_type=\"widget\" data-widget_type=\"image.default\">\n\t\t\t\t<div class=\"elementor-widget-container\">\n\t\t\t\t\t\t\t\t\t\t\t\t\t\t\t<img fetchpriority=\"high\" decoding=\"async\" width=\"950\" height=\"355\" src=\"https:\/\/europavarietas.org\/csdp_new\/wp-content\/uploads\/2023\/08\/livre2turke.jpg\" class=\"attachment-full size-full wp-image-384\" alt=\"\" srcset=\"https:\/\/europavarietas.org\/csdp_new\/wp-content\/uploads\/2023\/08\/livre2turke.jpg 950w, https:\/\/europavarietas.org\/csdp_new\/wp-content\/uploads\/2023\/08\/livre2turke-300x112.jpg 300w, https:\/\/europavarietas.org\/csdp_new\/wp-content\/uploads\/2023\/08\/livre2turke-768x287.jpg 768w\" sizes=\"(max-width: 950px) 100vw, 950px\" \/>\t\t\t\t\t\t\t\t\t\t\t\t\t\t\t<\/div>\n\t\t\t\t<\/div>\n\t\t\t\t\t<\/div>\n\t\t<\/div>\n\t\t\t\t\t<\/div>\n\t\t<\/section>\n\t\t\t\t<\/div>\n\t\t","protected":false},"excerpt":{"rendered":"<p>La PSDC en Afrique (book) LA GEOPOLITIQUE DES PREMIERES MISSIONS DE L&#8217;UNION EUROPEENNE EN AFRIQUEAndras Istvan T\u00fcrke(With the English contribution of Andr\u00e1s Hettyey about Somalia)L`Harmattan, Paris, 2013, 2016 (nouvelle \u00e9dition mise \u00e0 jour et am\u00e9lior\u00e9e)\u00a0FREE DOWNLOADcommander le livre via CERPESC : info@europavarietas.orgMaquette de couvertureLe livre sur le site de L&#8217;HarmattanImages, cartes, illustrations compl\u00e9mentaires (gratuit)Extrait du&#8230;<\/p>\n","protected":false},"author":2,"featured_media":625,"comment_status":"open","ping_status":"open","sticky":false,"template":"","format":"standard","meta":{"footnotes":""},"categories":[3],"tags":[],"class_list":["post-383","post","type-post","status-publish","format-standard","has-post-thumbnail","hentry","category-cerpesc"],"yoast_head":"<!-- This site is optimized with the Yoast SEO plugin v26.5 - https:\/\/yoast.com\/wordpress\/plugins\/seo\/ -->\n<title>CSDP in Africa - CERPESC<\/title>\n<meta name=\"robots\" content=\"index, follow, max-snippet:-1, max-image-preview:large, max-video-preview:-1\" \/>\n<link rel=\"canonical\" href=\"https:\/\/europavarietas.org\/csdp_new\/index.php\/2008\/01\/02\/livre2turke\/\" \/>\n<meta property=\"og:locale\" content=\"en_GB\" \/>\n<meta property=\"og:type\" content=\"article\" \/>\n<meta property=\"og:title\" content=\"CSDP in Africa - CERPESC\" \/>\n<meta property=\"og:description\" content=\"La PSDC en Afrique (book) LA GEOPOLITIQUE DES PREMIERES MISSIONS DE L&#8217;UNION EUROPEENNE EN AFRIQUEAndras Istvan T\u00fcrke(With the English contribution of Andr\u00e1s Hettyey about Somalia)L`Harmattan, Paris, 2013, 2016 (nouvelle \u00e9dition mise \u00e0 jour et am\u00e9lior\u00e9e)\u00a0FREE DOWNLOADcommander le livre via CERPESC : info@europavarietas.orgMaquette de couvertureLe livre sur le site de L&#8217;HarmattanImages, cartes, illustrations compl\u00e9mentaires (gratuit)Extrait du...\" \/>\n<meta property=\"og:url\" content=\"https:\/\/europavarietas.org\/csdp_new\/index.php\/2008\/01\/02\/livre2turke\/\" \/>\n<meta property=\"og:site_name\" content=\"CERPESC\" \/>\n<meta property=\"article:published_time\" content=\"2008-01-02T21:01:00+00:00\" \/>\n<meta property=\"article:modified_time\" content=\"2025-03-03T09:24:42+00:00\" \/>\n<meta property=\"og:image\" content=\"https:\/\/europavarietas.org\/csdp_new\/wp-content\/uploads\/2008\/01\/livre2turke.jpg\" \/>\n\t<meta property=\"og:image:width\" content=\"501\" \/>\n\t<meta property=\"og:image:height\" content=\"338\" \/>\n\t<meta property=\"og:image:type\" content=\"image\/jpeg\" \/>\n<meta name=\"author\" content=\"Andr\u00e1s Istv\u00e1n T\u00dcRKE\" \/>\n<meta name=\"twitter:card\" content=\"summary_large_image\" \/>\n<meta name=\"twitter:label1\" content=\"Written by\" \/>\n\t<meta name=\"twitter:data1\" content=\"Andr\u00e1s Istv\u00e1n T\u00dcRKE\" \/>\n\t<meta name=\"twitter:label2\" content=\"Estimated reading time\" \/>\n\t<meta name=\"twitter:data2\" content=\"3 minutes\" \/>\n<script type=\"application\/ld+json\" class=\"yoast-schema-graph\">{\"@context\":\"https:\/\/schema.org\",\"@graph\":[{\"@type\":\"Article\",\"@id\":\"https:\/\/europavarietas.org\/csdp_new\/index.php\/2008\/01\/02\/livre2turke\/#article\",\"isPartOf\":{\"@id\":\"https:\/\/europavarietas.org\/csdp_new\/index.php\/2008\/01\/02\/livre2turke\/\"},\"author\":{\"name\":\"Andr\u00e1s Istv\u00e1n T\u00dcRKE\",\"@id\":\"https:\/\/europavarietas.org\/csdp_new\/#\/schema\/person\/4bdb418b6652d2795a1c0627ce82c1ab\"},\"headline\":\"CSDP in Africa\",\"datePublished\":\"2008-01-02T21:01:00+00:00\",\"dateModified\":\"2025-03-03T09:24:42+00:00\",\"mainEntityOfPage\":{\"@id\":\"https:\/\/europavarietas.org\/csdp_new\/index.php\/2008\/01\/02\/livre2turke\/\"},\"wordCount\":727,\"commentCount\":0,\"publisher\":{\"@id\":\"https:\/\/europavarietas.org\/csdp_new\/#organization\"},\"image\":{\"@id\":\"https:\/\/europavarietas.org\/csdp_new\/index.php\/2008\/01\/02\/livre2turke\/#primaryimage\"},\"thumbnailUrl\":\"https:\/\/europavarietas.org\/csdp_new\/wp-content\/uploads\/2008\/01\/livre2turke.jpg\",\"articleSection\":[\"CERPESC\"],\"inLanguage\":\"en-GB\",\"potentialAction\":[{\"@type\":\"CommentAction\",\"name\":\"Comment\",\"target\":[\"https:\/\/europavarietas.org\/csdp_new\/index.php\/2008\/01\/02\/livre2turke\/#respond\"]}]},{\"@type\":\"WebPage\",\"@id\":\"https:\/\/europavarietas.org\/csdp_new\/index.php\/2008\/01\/02\/livre2turke\/\",\"url\":\"https:\/\/europavarietas.org\/csdp_new\/index.php\/2008\/01\/02\/livre2turke\/\",\"name\":\"CSDP in Africa - CERPESC\",\"isPartOf\":{\"@id\":\"https:\/\/europavarietas.org\/csdp_new\/#website\"},\"primaryImageOfPage\":{\"@id\":\"https:\/\/europavarietas.org\/csdp_new\/index.php\/2008\/01\/02\/livre2turke\/#primaryimage\"},\"image\":{\"@id\":\"https:\/\/europavarietas.org\/csdp_new\/index.php\/2008\/01\/02\/livre2turke\/#primaryimage\"},\"thumbnailUrl\":\"https:\/\/europavarietas.org\/csdp_new\/wp-content\/uploads\/2008\/01\/livre2turke.jpg\",\"datePublished\":\"2008-01-02T21:01:00+00:00\",\"dateModified\":\"2025-03-03T09:24:42+00:00\",\"breadcrumb\":{\"@id\":\"https:\/\/europavarietas.org\/csdp_new\/index.php\/2008\/01\/02\/livre2turke\/#breadcrumb\"},\"inLanguage\":\"en-GB\",\"potentialAction\":[{\"@type\":\"ReadAction\",\"target\":[\"https:\/\/europavarietas.org\/csdp_new\/index.php\/2008\/01\/02\/livre2turke\/\"]}]},{\"@type\":\"ImageObject\",\"inLanguage\":\"en-GB\",\"@id\":\"https:\/\/europavarietas.org\/csdp_new\/index.php\/2008\/01\/02\/livre2turke\/#primaryimage\",\"url\":\"https:\/\/europavarietas.org\/csdp_new\/wp-content\/uploads\/2008\/01\/livre2turke.jpg\",\"contentUrl\":\"https:\/\/europavarietas.org\/csdp_new\/wp-content\/uploads\/2008\/01\/livre2turke.jpg\",\"width\":501,\"height\":338},{\"@type\":\"BreadcrumbList\",\"@id\":\"https:\/\/europavarietas.org\/csdp_new\/index.php\/2008\/01\/02\/livre2turke\/#breadcrumb\",\"itemListElement\":[{\"@type\":\"ListItem\",\"position\":1,\"name\":\"Home\",\"item\":\"https:\/\/europavarietas.org\/csdp_new\/\"},{\"@type\":\"ListItem\",\"position\":2,\"name\":\"CSDP in Africa\"}]},{\"@type\":\"WebSite\",\"@id\":\"https:\/\/europavarietas.org\/csdp_new\/#website\",\"url\":\"https:\/\/europavarietas.org\/csdp_new\/\",\"name\":\"CERPESC\",\"description\":\"European Soultion for Defence and Crisis Management\",\"publisher\":{\"@id\":\"https:\/\/europavarietas.org\/csdp_new\/#organization\"},\"potentialAction\":[{\"@type\":\"SearchAction\",\"target\":{\"@type\":\"EntryPoint\",\"urlTemplate\":\"https:\/\/europavarietas.org\/csdp_new\/?s={search_term_string}\"},\"query-input\":{\"@type\":\"PropertyValueSpecification\",\"valueRequired\":true,\"valueName\":\"search_term_string\"}}],\"inLanguage\":\"en-GB\"},{\"@type\":\"Organization\",\"@id\":\"https:\/\/europavarietas.org\/csdp_new\/#organization\",\"name\":\"CERPESC\",\"url\":\"https:\/\/europavarietas.org\/csdp_new\/\",\"logo\":{\"@type\":\"ImageObject\",\"inLanguage\":\"en-GB\",\"@id\":\"https:\/\/europavarietas.org\/csdp_new\/#\/schema\/logo\/image\/\",\"url\":\"https:\/\/europavarietas.org\/csdp_new\/wp-content\/uploads\/2023\/08\/cropped-cropped-cerpesc5_0.png\",\"contentUrl\":\"https:\/\/europavarietas.org\/csdp_new\/wp-content\/uploads\/2023\/08\/cropped-cropped-cerpesc5_0.png\",\"width\":530,\"height\":97,\"caption\":\"CERPESC\"},\"image\":{\"@id\":\"https:\/\/europavarietas.org\/csdp_new\/#\/schema\/logo\/image\/\"}},{\"@type\":\"Person\",\"@id\":\"https:\/\/europavarietas.org\/csdp_new\/#\/schema\/person\/4bdb418b6652d2795a1c0627ce82c1ab\",\"name\":\"Andr\u00e1s Istv\u00e1n T\u00dcRKE\",\"image\":{\"@type\":\"ImageObject\",\"inLanguage\":\"en-GB\",\"@id\":\"https:\/\/europavarietas.org\/csdp_new\/#\/schema\/person\/image\/\",\"url\":\"https:\/\/secure.gravatar.com\/avatar\/19d77d70065cf29dad6d60c3df5b443255b53aaecfbb81055024e590555ef2cd?s=96&d=mm&r=g\",\"contentUrl\":\"https:\/\/secure.gravatar.com\/avatar\/19d77d70065cf29dad6d60c3df5b443255b53aaecfbb81055024e590555ef2cd?s=96&d=mm&r=g\",\"caption\":\"Andr\u00e1s Istv\u00e1n T\u00dcRKE\"},\"description\":\"Andr\u00e1s Istv\u00e1n T\u00fcrke is a diplomacy &amp; security policy expert based in Switzerland. He specializes in European Foreign, Security &amp; Defence Policy and industrial base issues. He is expert in geopolitics of Africa and Western Balkans on strategic and economic issues. His research focuses on the peacekeeping and regional stability with emphasis on european solutions for defence &amp; crisis management. So far, his work has mostly drawn on EU, UN, AU and NATO activities but he has started to engage with other global and regional crisis management institutions.\",\"sameAs\":[\"https:\/\/univ-paris3.academia.edu\/AndrasTurke\"],\"url\":\"https:\/\/europavarietas.org\/csdp_new\/index.php\/author\/andrasturke\/\"}]}<\/script>\n<!-- \/ Yoast SEO plugin. -->","yoast_head_json":{"title":"CSDP in Africa - CERPESC","robots":{"index":"index","follow":"follow","max-snippet":"max-snippet:-1","max-image-preview":"max-image-preview:large","max-video-preview":"max-video-preview:-1"},"canonical":"https:\/\/europavarietas.org\/csdp_new\/index.php\/2008\/01\/02\/livre2turke\/","og_locale":"en_GB","og_type":"article","og_title":"CSDP in Africa - CERPESC","og_description":"La PSDC en Afrique (book) LA GEOPOLITIQUE DES PREMIERES MISSIONS DE L&#8217;UNION EUROPEENNE EN AFRIQUEAndras Istvan T\u00fcrke(With the English contribution of Andr\u00e1s Hettyey about Somalia)L`Harmattan, Paris, 2013, 2016 (nouvelle \u00e9dition mise \u00e0 jour et am\u00e9lior\u00e9e)\u00a0FREE DOWNLOADcommander le livre via CERPESC : info@europavarietas.orgMaquette de couvertureLe livre sur le site de L&#8217;HarmattanImages, cartes, illustrations compl\u00e9mentaires (gratuit)Extrait du...","og_url":"https:\/\/europavarietas.org\/csdp_new\/index.php\/2008\/01\/02\/livre2turke\/","og_site_name":"CERPESC","article_published_time":"2008-01-02T21:01:00+00:00","article_modified_time":"2025-03-03T09:24:42+00:00","og_image":[{"width":501,"height":338,"url":"https:\/\/europavarietas.org\/csdp_new\/wp-content\/uploads\/2008\/01\/livre2turke.jpg","type":"image\/jpeg"}],"author":"Andr\u00e1s Istv\u00e1n T\u00dcRKE","twitter_card":"summary_large_image","twitter_misc":{"Written by":"Andr\u00e1s Istv\u00e1n T\u00dcRKE","Estimated reading time":"3 minutes"},"schema":{"@context":"https:\/\/schema.org","@graph":[{"@type":"Article","@id":"https:\/\/europavarietas.org\/csdp_new\/index.php\/2008\/01\/02\/livre2turke\/#article","isPartOf":{"@id":"https:\/\/europavarietas.org\/csdp_new\/index.php\/2008\/01\/02\/livre2turke\/"},"author":{"name":"Andr\u00e1s Istv\u00e1n T\u00dcRKE","@id":"https:\/\/europavarietas.org\/csdp_new\/#\/schema\/person\/4bdb418b6652d2795a1c0627ce82c1ab"},"headline":"CSDP in Africa","datePublished":"2008-01-02T21:01:00+00:00","dateModified":"2025-03-03T09:24:42+00:00","mainEntityOfPage":{"@id":"https:\/\/europavarietas.org\/csdp_new\/index.php\/2008\/01\/02\/livre2turke\/"},"wordCount":727,"commentCount":0,"publisher":{"@id":"https:\/\/europavarietas.org\/csdp_new\/#organization"},"image":{"@id":"https:\/\/europavarietas.org\/csdp_new\/index.php\/2008\/01\/02\/livre2turke\/#primaryimage"},"thumbnailUrl":"https:\/\/europavarietas.org\/csdp_new\/wp-content\/uploads\/2008\/01\/livre2turke.jpg","articleSection":["CERPESC"],"inLanguage":"en-GB","potentialAction":[{"@type":"CommentAction","name":"Comment","target":["https:\/\/europavarietas.org\/csdp_new\/index.php\/2008\/01\/02\/livre2turke\/#respond"]}]},{"@type":"WebPage","@id":"https:\/\/europavarietas.org\/csdp_new\/index.php\/2008\/01\/02\/livre2turke\/","url":"https:\/\/europavarietas.org\/csdp_new\/index.php\/2008\/01\/02\/livre2turke\/","name":"CSDP in Africa - CERPESC","isPartOf":{"@id":"https:\/\/europavarietas.org\/csdp_new\/#website"},"primaryImageOfPage":{"@id":"https:\/\/europavarietas.org\/csdp_new\/index.php\/2008\/01\/02\/livre2turke\/#primaryimage"},"image":{"@id":"https:\/\/europavarietas.org\/csdp_new\/index.php\/2008\/01\/02\/livre2turke\/#primaryimage"},"thumbnailUrl":"https:\/\/europavarietas.org\/csdp_new\/wp-content\/uploads\/2008\/01\/livre2turke.jpg","datePublished":"2008-01-02T21:01:00+00:00","dateModified":"2025-03-03T09:24:42+00:00","breadcrumb":{"@id":"https:\/\/europavarietas.org\/csdp_new\/index.php\/2008\/01\/02\/livre2turke\/#breadcrumb"},"inLanguage":"en-GB","potentialAction":[{"@type":"ReadAction","target":["https:\/\/europavarietas.org\/csdp_new\/index.php\/2008\/01\/02\/livre2turke\/"]}]},{"@type":"ImageObject","inLanguage":"en-GB","@id":"https:\/\/europavarietas.org\/csdp_new\/index.php\/2008\/01\/02\/livre2turke\/#primaryimage","url":"https:\/\/europavarietas.org\/csdp_new\/wp-content\/uploads\/2008\/01\/livre2turke.jpg","contentUrl":"https:\/\/europavarietas.org\/csdp_new\/wp-content\/uploads\/2008\/01\/livre2turke.jpg","width":501,"height":338},{"@type":"BreadcrumbList","@id":"https:\/\/europavarietas.org\/csdp_new\/index.php\/2008\/01\/02\/livre2turke\/#breadcrumb","itemListElement":[{"@type":"ListItem","position":1,"name":"Home","item":"https:\/\/europavarietas.org\/csdp_new\/"},{"@type":"ListItem","position":2,"name":"CSDP in Africa"}]},{"@type":"WebSite","@id":"https:\/\/europavarietas.org\/csdp_new\/#website","url":"https:\/\/europavarietas.org\/csdp_new\/","name":"CERPESC","description":"European Soultion for Defence and Crisis Management","publisher":{"@id":"https:\/\/europavarietas.org\/csdp_new\/#organization"},"potentialAction":[{"@type":"SearchAction","target":{"@type":"EntryPoint","urlTemplate":"https:\/\/europavarietas.org\/csdp_new\/?s={search_term_string}"},"query-input":{"@type":"PropertyValueSpecification","valueRequired":true,"valueName":"search_term_string"}}],"inLanguage":"en-GB"},{"@type":"Organization","@id":"https:\/\/europavarietas.org\/csdp_new\/#organization","name":"CERPESC","url":"https:\/\/europavarietas.org\/csdp_new\/","logo":{"@type":"ImageObject","inLanguage":"en-GB","@id":"https:\/\/europavarietas.org\/csdp_new\/#\/schema\/logo\/image\/","url":"https:\/\/europavarietas.org\/csdp_new\/wp-content\/uploads\/2023\/08\/cropped-cropped-cerpesc5_0.png","contentUrl":"https:\/\/europavarietas.org\/csdp_new\/wp-content\/uploads\/2023\/08\/cropped-cropped-cerpesc5_0.png","width":530,"height":97,"caption":"CERPESC"},"image":{"@id":"https:\/\/europavarietas.org\/csdp_new\/#\/schema\/logo\/image\/"}},{"@type":"Person","@id":"https:\/\/europavarietas.org\/csdp_new\/#\/schema\/person\/4bdb418b6652d2795a1c0627ce82c1ab","name":"Andr\u00e1s Istv\u00e1n T\u00dcRKE","image":{"@type":"ImageObject","inLanguage":"en-GB","@id":"https:\/\/europavarietas.org\/csdp_new\/#\/schema\/person\/image\/","url":"https:\/\/secure.gravatar.com\/avatar\/19d77d70065cf29dad6d60c3df5b443255b53aaecfbb81055024e590555ef2cd?s=96&d=mm&r=g","contentUrl":"https:\/\/secure.gravatar.com\/avatar\/19d77d70065cf29dad6d60c3df5b443255b53aaecfbb81055024e590555ef2cd?s=96&d=mm&r=g","caption":"Andr\u00e1s Istv\u00e1n T\u00dcRKE"},"description":"Andr\u00e1s Istv\u00e1n T\u00fcrke is a diplomacy &amp; security policy expert based in Switzerland. He specializes in European Foreign, Security &amp; Defence Policy and industrial base issues. He is expert in geopolitics of Africa and Western Balkans on strategic and economic issues. His research focuses on the peacekeeping and regional stability with emphasis on european solutions for defence &amp; crisis management. So far, his work has mostly drawn on EU, UN, AU and NATO activities but he has started to engage with other global and regional crisis management institutions.","sameAs":["https:\/\/univ-paris3.academia.edu\/AndrasTurke"],"url":"https:\/\/europavarietas.org\/csdp_new\/index.php\/author\/andrasturke\/"}]}},"_links":{"self":[{"href":"https:\/\/europavarietas.org\/csdp_new\/index.php\/wp-json\/wp\/v2\/posts\/383","targetHints":{"allow":["GET"]}}],"collection":[{"href":"https:\/\/europavarietas.org\/csdp_new\/index.php\/wp-json\/wp\/v2\/posts"}],"about":[{"href":"https:\/\/europavarietas.org\/csdp_new\/index.php\/wp-json\/wp\/v2\/types\/post"}],"author":[{"embeddable":true,"href":"https:\/\/europavarietas.org\/csdp_new\/index.php\/wp-json\/wp\/v2\/users\/2"}],"replies":[{"embeddable":true,"href":"https:\/\/europavarietas.org\/csdp_new\/index.php\/wp-json\/wp\/v2\/comments?post=383"}],"version-history":[{"count":21,"href":"https:\/\/europavarietas.org\/csdp_new\/index.php\/wp-json\/wp\/v2\/posts\/383\/revisions"}],"predecessor-version":[{"id":629,"href":"https:\/\/europavarietas.org\/csdp_new\/index.php\/wp-json\/wp\/v2\/posts\/383\/revisions\/629"}],"wp:featuredmedia":[{"embeddable":true,"href":"https:\/\/europavarietas.org\/csdp_new\/index.php\/wp-json\/wp\/v2\/media\/625"}],"wp:attachment":[{"href":"https:\/\/europavarietas.org\/csdp_new\/index.php\/wp-json\/wp\/v2\/media?parent=383"}],"wp:term":[{"taxonomy":"category","embeddable":true,"href":"https:\/\/europavarietas.org\/csdp_new\/index.php\/wp-json\/wp\/v2\/categories?post=383"},{"taxonomy":"post_tag","embeddable":true,"href":"https:\/\/europavarietas.org\/csdp_new\/index.php\/wp-json\/wp\/v2\/tags?post=383"}],"curies":[{"name":"wp","href":"https:\/\/api.w.org\/{rel}","templated":true}]}}