{"id":2369,"date":"2025-08-30T06:58:04","date_gmt":"2025-08-30T06:58:04","guid":{"rendered":"https:\/\/europavarietas.org\/csdp_new\/?p=2369"},"modified":"2025-08-30T07:56:52","modified_gmt":"2025-08-30T07:56:52","slug":"hungarian-hero-of-the-ukrainian-war-robert-brovdi","status":"publish","type":"post","link":"https:\/\/europavarietas.org\/csdp_new\/index.php\/2025\/08\/30\/hungarian-hero-of-the-ukrainian-war-robert-brovdi\/","title":{"rendered":"Hungarian hero of the Ukrainian war : R\u00f3bert Brovdi"},"content":{"rendered":"\t\t<div data-elementor-type=\"wp-post\" data-elementor-id=\"2369\" class=\"elementor elementor-2369\">\n\t\t\t\t\t\t<section class=\"elementor-section elementor-top-section elementor-element elementor-element-973a198 elementor-section-boxed elementor-section-height-default elementor-section-height-default\" data-id=\"973a198\" data-element_type=\"section\">\n\t\t\t\t\t\t<div class=\"elementor-container elementor-column-gap-default\">\n\t\t\t\t\t<div class=\"elementor-column elementor-col-100 elementor-top-column elementor-element elementor-element-bc6fffc\" data-id=\"bc6fffc\" data-element_type=\"column\">\n\t\t\t<div class=\"elementor-widget-wrap elementor-element-populated\">\n\t\t\t\t\t\t<div class=\"elementor-element elementor-element-3641c87 elementor-widget elementor-widget-text-editor\" data-id=\"3641c87\" data-element_type=\"widget\" data-widget_type=\"text-editor.default\">\n\t\t\t\t<div class=\"elementor-widget-container\">\n\t\t\t\t\t\t\t\t\t<div class=\"x14z9mp xat24cr x1lziwak x1vvkbs xtlvy1s x126k92a\"><div dir=\"auto\"><em>Do we still remember Zolt\u00e1n Dani, the Hungarian hero of the Yugoslav War, shooter of the &#8220;invisible&#8221; stealth aircraft F-117? In the Ukrainian\u00a0war, another Hungarian hero, R\u00f3bert Brovdi, achieved outstanding results. <\/em><em>By the way, Hungarian Foreign Ministry has already banned him from Hungary&#8230;<\/em><\/div><div dir=\"auto\">\u00a0<\/div><\/div><div class=\"x14z9mp xat24cr x1lziwak x1vvkbs xtlvy1s x126k92a\"><div dir=\"auto\">R\u00f3bert Brovdi (call sign: MAGYAR) now and before the Russian invasion.This Uzhgorod-university-graduated man was one of the largest real estate developers in Transcarpathia a few years ago, then the head of a large state-owned company, whose hobby is art, and has promoted thousands of works of art on his BrovdiArt Instagram page over many years.<\/div><div dir=\"auto\">\u00a0<\/div><div dir=\"auto\">&#8211; Since the beginning of the Russian invasion in Ukraine, he has been sharing portraits and life situations on his BrovdiArtated the population of the surrounding settlements. Then he went to the front to the trenches, where he quickly realized how good it would be to see where the enemy was. That&#8217;s why he bought himself a drone and, controlling it from the trenches, used it to detect Russian soldiers in the area.<\/div><div dir=\"auto\">\u00a0<\/div><div dir=\"auto\"><span class=\"html-span xexx8yu xyri2b x18d9i69 x1c1uobl x1hl2dhg x16tdsg8 x1vvkbs x3nfvp2 x1j61x8r x1fcty0u xdj266r xat24cr xm2jcoa x1mpyi22 xxymvpz xlup9mm x1kky2od\">&#8211;<\/span> Soon after, he founded the drone team called <em><strong>Hungarian Birds<\/strong><\/em>, which achieved such success that in the spring he was appointed commander of unmanned systems in the Ukrainian armed forces. It has only 2% of Ukrainian soldiers, but one third of the Russian army\u2019s casualties can be attributed to his team, and they shot down 8% of Russian tanks.<\/div><div dir=\"auto\">\u00a0<\/div><div dir=\"auto\"><span class=\"html-span xexx8yu xyri2b x18d9i69 x1c1uobl x1hl2dhg x16tdsg8 x1vvkbs x3nfvp2 x1j61x8r x1fcty0u xdj266r xat24cr xm2jcoa x1mpyi22 xxymvpz xlup9mm x1kky2od\">&#8211;<\/span> According to the K\u00e1rp\u00e1tinfo news portal, in July the Russians tried to liquidate him when he was holding a meeting with commanders, but no one was injured in the attack.<\/div><div dir=\"auto\">\u00a0<\/div><div dir=\"auto\"><span class=\"html-span xexx8yu xyri2b x18d9i69 x1c1uobl x1hl2dhg x16tdsg8 x1vvkbs x3nfvp2 x1j61x8r x1fcty0u xdj266r xat24cr xm2jcoa x1mpyi22 xxymvpz xlup9mm x1kky2od\">&#8211; <\/span><strong>He offered to share his experience with NATO<\/strong>, <strong>who will probably take advantage of the opportunity, since today he has one of the largest practical experiences in the world in the use of drones.<\/strong> In May, he was awarded the Hero of Ukraine award, but Brovdi is still considered a true hero in his homeland. He has half a million followers on social media, and at the end of most of his posts he also writes in Hungarian: Russians go home!<\/div><div dir=\"auto\">\u00a0<\/div><div dir=\"auto\"><span class=\"html-span xexx8yu xyri2b x18d9i69 x1c1uobl x1hl2dhg x16tdsg8 x1vvkbs x3nfvp2 x1j61x8r x1fcty0u xdj266r xat24cr xm2jcoa x1mpyi22 xxymvpz xlup9mm x1kky2od\">&#8211;<\/span> Thanks to the Hungarian sanctions, half the world has now known his name. He obviously doesn&#8217;t care that the Hungarian government banned him from the Schengen zone, which even the Polish foreign minister had a good laugh about and quickly invited him to Poland.<\/div><div dir=\"auto\">\u00a0<\/div><div dir=\"auto\"><span class=\"html-span xexx8yu xyri2b x18d9i69 x1c1uobl x1hl2dhg x16tdsg8 x1vvkbs x3nfvp2 x1j61x8r x1fcty0u xdj266r xat24cr xm2jcoa x1mpyi22 xxymvpz xlup9mm x1kky2od\">&#8211;<\/span> Brovdi responded to the sanctions to the Hungarian foreign minister like this:<\/div><div dir=\"auto\">Shove your sanctions and restrictions on visiting Hungary up in your ass, Mr. \u201cdancer on bones.\u201d<\/div><div dir=\"auto\">\u00a0<\/div><div dir=\"auto\">Source: Facebook \/ <b class=\"html-b xdj266r x14z9mp xat24cr x1lziwak xexx8yu xyri2b x18d9i69 x1c1uobl x1hl2dhg x16tdsg8 x1vvkbs x1s688f\"><span class=\"xt0psk2\"><span class=\"xjp7ctv\"><span class=\"html-span xdj266r x14z9mp xat24cr x1lziwak xexx8yu xyri2b x18d9i69 x1c1uobl x1hl2dhg x16tdsg8 x1vvkbs\"><a class=\"x1i10hfl xjbqb8w x1ejq31n x18oe1m7 x1sy0etr xstzfhl x972fbf x10w94by x1qhh985 x14e42zd x9f619 x1ypdohk xt0psk2 x3ct3a4 xdj266r x14z9mp xat24cr x1lziwak xexx8yu xyri2b x18d9i69 x1c1uobl x16tdsg8 x1hl2dhg xggy1nq x1a2a7pz xkrqix3 x1sur9pj xzsf02u x1s688f\" tabindex=\"0\" role=\"link\" href=\"https:\/\/www.facebook.com\/tibor.aved\/posts\/pfbid0fC3dQZpTsvXp5eyk16bfV5nrqu7vJAPaypgupp3cCs24dSwDffDW3GxYf9rE2Aml\" target=\"_blank\" rel=\"noopener\">Tibor \u00c1v\u00e9d<\/a><\/span><\/span><\/span><\/b><\/div><\/div>\t\t\t\t\t\t\t\t<\/div>\n\t\t\t\t<\/div>\n\t\t\t\t\t<\/div>\n\t\t<\/div>\n\t\t\t\t\t<\/div>\n\t\t<\/section>\n\t\t\t\t<\/div>\n\t\t","protected":false},"excerpt":{"rendered":"<p>Do we still remember Zolt\u00e1n Dani, the Hungarian hero of the Yugoslav War, shooter of the &#8220;invisible&#8221; stealth aircraft F-117? In the Ukrainian\u00a0war, another Hungarian hero, R\u00f3bert Brovdi, achieved outstanding results. By the way, Hungarian Foreign Ministry has already banned him from Hungary&#8230;\u00a0R\u00f3bert Brovdi (call sign: MAGYAR) now and before the Russian invasion.This Uzhgorod-university-graduated man&#8230;<\/p>\n","protected":false},"author":2,"featured_media":2390,"comment_status":"open","ping_status":"open","sticky":false,"template":"","format":"standard","meta":{"footnotes":""},"categories":[177,4],"tags":[205],"class_list":["post-2369","post","type-post","status-publish","format-standard","has-post-thumbnail","hentry","category-nato","category-news","tag-war-in-ukraine"],"yoast_head":"<!-- This site is optimized with the Yoast SEO plugin v26.5 - https:\/\/yoast.com\/wordpress\/plugins\/seo\/ -->\n<title>Hungarian hero of the Ukrainian war : R\u00f3bert Brovdi - CERPESC<\/title>\n<meta name=\"robots\" content=\"index, follow, max-snippet:-1, max-image-preview:large, max-video-preview:-1\" \/>\n<link rel=\"canonical\" href=\"https:\/\/europavarietas.org\/csdp_new\/index.php\/2025\/08\/30\/hungarian-hero-of-the-ukrainian-war-robert-brovdi\/\" \/>\n<meta property=\"og:locale\" content=\"en_GB\" \/>\n<meta property=\"og:type\" content=\"article\" \/>\n<meta property=\"og:title\" content=\"Hungarian hero of the Ukrainian war : R\u00f3bert Brovdi - CERPESC\" \/>\n<meta property=\"og:description\" content=\"Do we still remember Zolt\u00e1n Dani, the Hungarian hero of the Yugoslav War, shooter of the &#8220;invisible&#8221; stealth aircraft F-117? In the Ukrainian\u00a0war, another Hungarian hero, R\u00f3bert Brovdi, achieved outstanding results. By the way, Hungarian Foreign Ministry has already banned him from Hungary&#8230;\u00a0R\u00f3bert Brovdi (call sign: MAGYAR) now and before the Russian invasion.This Uzhgorod-university-graduated man...\" \/>\n<meta property=\"og:url\" content=\"https:\/\/europavarietas.org\/csdp_new\/index.php\/2025\/08\/30\/hungarian-hero-of-the-ukrainian-war-robert-brovdi\/\" \/>\n<meta property=\"og:site_name\" content=\"CERPESC\" \/>\n<meta property=\"article:published_time\" content=\"2025-08-30T06:58:04+00:00\" \/>\n<meta property=\"article:modified_time\" content=\"2025-08-30T07:56:52+00:00\" \/>\n<meta property=\"og:image\" content=\"https:\/\/europavarietas.org\/csdp_new\/wp-content\/uploads\/2025\/08\/brovdi.jpg\" \/>\n\t<meta property=\"og:image:width\" content=\"899\" \/>\n\t<meta property=\"og:image:height\" content=\"667\" \/>\n\t<meta property=\"og:image:type\" content=\"image\/jpeg\" \/>\n<meta name=\"author\" content=\"Andr\u00e1s Istv\u00e1n T\u00dcRKE\" \/>\n<meta name=\"twitter:card\" content=\"summary_large_image\" \/>\n<meta name=\"twitter:label1\" content=\"Written by\" \/>\n\t<meta name=\"twitter:data1\" content=\"Andr\u00e1s Istv\u00e1n T\u00dcRKE\" \/>\n\t<meta name=\"twitter:label2\" content=\"Estimated reading time\" \/>\n\t<meta name=\"twitter:data2\" content=\"2 minutes\" \/>\n<script type=\"application\/ld+json\" class=\"yoast-schema-graph\">{\"@context\":\"https:\/\/schema.org\",\"@graph\":[{\"@type\":\"Article\",\"@id\":\"https:\/\/europavarietas.org\/csdp_new\/index.php\/2025\/08\/30\/hungarian-hero-of-the-ukrainian-war-robert-brovdi\/#article\",\"isPartOf\":{\"@id\":\"https:\/\/europavarietas.org\/csdp_new\/index.php\/2025\/08\/30\/hungarian-hero-of-the-ukrainian-war-robert-brovdi\/\"},\"author\":{\"name\":\"Andr\u00e1s Istv\u00e1n T\u00dcRKE\",\"@id\":\"https:\/\/europavarietas.org\/csdp_new\/#\/schema\/person\/4bdb418b6652d2795a1c0627ce82c1ab\"},\"headline\":\"Hungarian hero of the Ukrainian war : R\u00f3bert Brovdi\",\"datePublished\":\"2025-08-30T06:58:04+00:00\",\"dateModified\":\"2025-08-30T07:56:52+00:00\",\"mainEntityOfPage\":{\"@id\":\"https:\/\/europavarietas.org\/csdp_new\/index.php\/2025\/08\/30\/hungarian-hero-of-the-ukrainian-war-robert-brovdi\/\"},\"wordCount\":438,\"commentCount\":0,\"publisher\":{\"@id\":\"https:\/\/europavarietas.org\/csdp_new\/#organization\"},\"image\":{\"@id\":\"https:\/\/europavarietas.org\/csdp_new\/index.php\/2025\/08\/30\/hungarian-hero-of-the-ukrainian-war-robert-brovdi\/#primaryimage\"},\"thumbnailUrl\":\"https:\/\/europavarietas.org\/csdp_new\/wp-content\/uploads\/2025\/08\/brovdi.jpg\",\"keywords\":[\"War in Ukraine\"],\"articleSection\":[\"NATO\",\"News\"],\"inLanguage\":\"en-GB\",\"potentialAction\":[{\"@type\":\"CommentAction\",\"name\":\"Comment\",\"target\":[\"https:\/\/europavarietas.org\/csdp_new\/index.php\/2025\/08\/30\/hungarian-hero-of-the-ukrainian-war-robert-brovdi\/#respond\"]}]},{\"@type\":\"WebPage\",\"@id\":\"https:\/\/europavarietas.org\/csdp_new\/index.php\/2025\/08\/30\/hungarian-hero-of-the-ukrainian-war-robert-brovdi\/\",\"url\":\"https:\/\/europavarietas.org\/csdp_new\/index.php\/2025\/08\/30\/hungarian-hero-of-the-ukrainian-war-robert-brovdi\/\",\"name\":\"Hungarian hero of the Ukrainian war : R\u00f3bert Brovdi - CERPESC\",\"isPartOf\":{\"@id\":\"https:\/\/europavarietas.org\/csdp_new\/#website\"},\"primaryImageOfPage\":{\"@id\":\"https:\/\/europavarietas.org\/csdp_new\/index.php\/2025\/08\/30\/hungarian-hero-of-the-ukrainian-war-robert-brovdi\/#primaryimage\"},\"image\":{\"@id\":\"https:\/\/europavarietas.org\/csdp_new\/index.php\/2025\/08\/30\/hungarian-hero-of-the-ukrainian-war-robert-brovdi\/#primaryimage\"},\"thumbnailUrl\":\"https:\/\/europavarietas.org\/csdp_new\/wp-content\/uploads\/2025\/08\/brovdi.jpg\",\"datePublished\":\"2025-08-30T06:58:04+00:00\",\"dateModified\":\"2025-08-30T07:56:52+00:00\",\"breadcrumb\":{\"@id\":\"https:\/\/europavarietas.org\/csdp_new\/index.php\/2025\/08\/30\/hungarian-hero-of-the-ukrainian-war-robert-brovdi\/#breadcrumb\"},\"inLanguage\":\"en-GB\",\"potentialAction\":[{\"@type\":\"ReadAction\",\"target\":[\"https:\/\/europavarietas.org\/csdp_new\/index.php\/2025\/08\/30\/hungarian-hero-of-the-ukrainian-war-robert-brovdi\/\"]}]},{\"@type\":\"ImageObject\",\"inLanguage\":\"en-GB\",\"@id\":\"https:\/\/europavarietas.org\/csdp_new\/index.php\/2025\/08\/30\/hungarian-hero-of-the-ukrainian-war-robert-brovdi\/#primaryimage\",\"url\":\"https:\/\/europavarietas.org\/csdp_new\/wp-content\/uploads\/2025\/08\/brovdi.jpg\",\"contentUrl\":\"https:\/\/europavarietas.org\/csdp_new\/wp-content\/uploads\/2025\/08\/brovdi.jpg\",\"width\":899,\"height\":667},{\"@type\":\"BreadcrumbList\",\"@id\":\"https:\/\/europavarietas.org\/csdp_new\/index.php\/2025\/08\/30\/hungarian-hero-of-the-ukrainian-war-robert-brovdi\/#breadcrumb\",\"itemListElement\":[{\"@type\":\"ListItem\",\"position\":1,\"name\":\"Home\",\"item\":\"https:\/\/europavarietas.org\/csdp_new\/\"},{\"@type\":\"ListItem\",\"position\":2,\"name\":\"Hungarian hero of the Ukrainian war : R\u00f3bert Brovdi\"}]},{\"@type\":\"WebSite\",\"@id\":\"https:\/\/europavarietas.org\/csdp_new\/#website\",\"url\":\"https:\/\/europavarietas.org\/csdp_new\/\",\"name\":\"CERPESC\",\"description\":\"European Soultion for Defence and Crisis Management\",\"publisher\":{\"@id\":\"https:\/\/europavarietas.org\/csdp_new\/#organization\"},\"potentialAction\":[{\"@type\":\"SearchAction\",\"target\":{\"@type\":\"EntryPoint\",\"urlTemplate\":\"https:\/\/europavarietas.org\/csdp_new\/?s={search_term_string}\"},\"query-input\":{\"@type\":\"PropertyValueSpecification\",\"valueRequired\":true,\"valueName\":\"search_term_string\"}}],\"inLanguage\":\"en-GB\"},{\"@type\":\"Organization\",\"@id\":\"https:\/\/europavarietas.org\/csdp_new\/#organization\",\"name\":\"CERPESC\",\"url\":\"https:\/\/europavarietas.org\/csdp_new\/\",\"logo\":{\"@type\":\"ImageObject\",\"inLanguage\":\"en-GB\",\"@id\":\"https:\/\/europavarietas.org\/csdp_new\/#\/schema\/logo\/image\/\",\"url\":\"https:\/\/europavarietas.org\/csdp_new\/wp-content\/uploads\/2023\/08\/cropped-cropped-cerpesc5_0.png\",\"contentUrl\":\"https:\/\/europavarietas.org\/csdp_new\/wp-content\/uploads\/2023\/08\/cropped-cropped-cerpesc5_0.png\",\"width\":530,\"height\":97,\"caption\":\"CERPESC\"},\"image\":{\"@id\":\"https:\/\/europavarietas.org\/csdp_new\/#\/schema\/logo\/image\/\"}},{\"@type\":\"Person\",\"@id\":\"https:\/\/europavarietas.org\/csdp_new\/#\/schema\/person\/4bdb418b6652d2795a1c0627ce82c1ab\",\"name\":\"Andr\u00e1s Istv\u00e1n T\u00dcRKE\",\"image\":{\"@type\":\"ImageObject\",\"inLanguage\":\"en-GB\",\"@id\":\"https:\/\/europavarietas.org\/csdp_new\/#\/schema\/person\/image\/\",\"url\":\"https:\/\/secure.gravatar.com\/avatar\/19d77d70065cf29dad6d60c3df5b443255b53aaecfbb81055024e590555ef2cd?s=96&d=mm&r=g\",\"contentUrl\":\"https:\/\/secure.gravatar.com\/avatar\/19d77d70065cf29dad6d60c3df5b443255b53aaecfbb81055024e590555ef2cd?s=96&d=mm&r=g\",\"caption\":\"Andr\u00e1s Istv\u00e1n T\u00dcRKE\"},\"description\":\"Andr\u00e1s Istv\u00e1n T\u00fcrke is a diplomacy &amp; security policy expert based in Switzerland. He specializes in European Foreign, Security &amp; Defence Policy and industrial base issues. He is expert in geopolitics of Africa and Western Balkans on strategic and economic issues. His research focuses on the peacekeeping and regional stability with emphasis on european solutions for defence &amp; crisis management. So far, his work has mostly drawn on EU, UN, AU and NATO activities but he has started to engage with other global and regional crisis management institutions.\",\"sameAs\":[\"https:\/\/univ-paris3.academia.edu\/AndrasTurke\"],\"url\":\"https:\/\/europavarietas.org\/csdp_new\/index.php\/author\/andrasturke\/\"}]}<\/script>\n<!-- \/ Yoast SEO plugin. -->","yoast_head_json":{"title":"Hungarian hero of the Ukrainian war : R\u00f3bert Brovdi - CERPESC","robots":{"index":"index","follow":"follow","max-snippet":"max-snippet:-1","max-image-preview":"max-image-preview:large","max-video-preview":"max-video-preview:-1"},"canonical":"https:\/\/europavarietas.org\/csdp_new\/index.php\/2025\/08\/30\/hungarian-hero-of-the-ukrainian-war-robert-brovdi\/","og_locale":"en_GB","og_type":"article","og_title":"Hungarian hero of the Ukrainian war : R\u00f3bert Brovdi - CERPESC","og_description":"Do we still remember Zolt\u00e1n Dani, the Hungarian hero of the Yugoslav War, shooter of the &#8220;invisible&#8221; stealth aircraft F-117? In the Ukrainian\u00a0war, another Hungarian hero, R\u00f3bert Brovdi, achieved outstanding results. By the way, Hungarian Foreign Ministry has already banned him from Hungary&#8230;\u00a0R\u00f3bert Brovdi (call sign: MAGYAR) now and before the Russian invasion.This Uzhgorod-university-graduated man...","og_url":"https:\/\/europavarietas.org\/csdp_new\/index.php\/2025\/08\/30\/hungarian-hero-of-the-ukrainian-war-robert-brovdi\/","og_site_name":"CERPESC","article_published_time":"2025-08-30T06:58:04+00:00","article_modified_time":"2025-08-30T07:56:52+00:00","og_image":[{"width":899,"height":667,"url":"https:\/\/europavarietas.org\/csdp_new\/wp-content\/uploads\/2025\/08\/brovdi.jpg","type":"image\/jpeg"}],"author":"Andr\u00e1s Istv\u00e1n T\u00dcRKE","twitter_card":"summary_large_image","twitter_misc":{"Written by":"Andr\u00e1s Istv\u00e1n T\u00dcRKE","Estimated reading time":"2 minutes"},"schema":{"@context":"https:\/\/schema.org","@graph":[{"@type":"Article","@id":"https:\/\/europavarietas.org\/csdp_new\/index.php\/2025\/08\/30\/hungarian-hero-of-the-ukrainian-war-robert-brovdi\/#article","isPartOf":{"@id":"https:\/\/europavarietas.org\/csdp_new\/index.php\/2025\/08\/30\/hungarian-hero-of-the-ukrainian-war-robert-brovdi\/"},"author":{"name":"Andr\u00e1s Istv\u00e1n T\u00dcRKE","@id":"https:\/\/europavarietas.org\/csdp_new\/#\/schema\/person\/4bdb418b6652d2795a1c0627ce82c1ab"},"headline":"Hungarian hero of the Ukrainian war : R\u00f3bert Brovdi","datePublished":"2025-08-30T06:58:04+00:00","dateModified":"2025-08-30T07:56:52+00:00","mainEntityOfPage":{"@id":"https:\/\/europavarietas.org\/csdp_new\/index.php\/2025\/08\/30\/hungarian-hero-of-the-ukrainian-war-robert-brovdi\/"},"wordCount":438,"commentCount":0,"publisher":{"@id":"https:\/\/europavarietas.org\/csdp_new\/#organization"},"image":{"@id":"https:\/\/europavarietas.org\/csdp_new\/index.php\/2025\/08\/30\/hungarian-hero-of-the-ukrainian-war-robert-brovdi\/#primaryimage"},"thumbnailUrl":"https:\/\/europavarietas.org\/csdp_new\/wp-content\/uploads\/2025\/08\/brovdi.jpg","keywords":["War in Ukraine"],"articleSection":["NATO","News"],"inLanguage":"en-GB","potentialAction":[{"@type":"CommentAction","name":"Comment","target":["https:\/\/europavarietas.org\/csdp_new\/index.php\/2025\/08\/30\/hungarian-hero-of-the-ukrainian-war-robert-brovdi\/#respond"]}]},{"@type":"WebPage","@id":"https:\/\/europavarietas.org\/csdp_new\/index.php\/2025\/08\/30\/hungarian-hero-of-the-ukrainian-war-robert-brovdi\/","url":"https:\/\/europavarietas.org\/csdp_new\/index.php\/2025\/08\/30\/hungarian-hero-of-the-ukrainian-war-robert-brovdi\/","name":"Hungarian hero of the Ukrainian war : R\u00f3bert Brovdi - CERPESC","isPartOf":{"@id":"https:\/\/europavarietas.org\/csdp_new\/#website"},"primaryImageOfPage":{"@id":"https:\/\/europavarietas.org\/csdp_new\/index.php\/2025\/08\/30\/hungarian-hero-of-the-ukrainian-war-robert-brovdi\/#primaryimage"},"image":{"@id":"https:\/\/europavarietas.org\/csdp_new\/index.php\/2025\/08\/30\/hungarian-hero-of-the-ukrainian-war-robert-brovdi\/#primaryimage"},"thumbnailUrl":"https:\/\/europavarietas.org\/csdp_new\/wp-content\/uploads\/2025\/08\/brovdi.jpg","datePublished":"2025-08-30T06:58:04+00:00","dateModified":"2025-08-30T07:56:52+00:00","breadcrumb":{"@id":"https:\/\/europavarietas.org\/csdp_new\/index.php\/2025\/08\/30\/hungarian-hero-of-the-ukrainian-war-robert-brovdi\/#breadcrumb"},"inLanguage":"en-GB","potentialAction":[{"@type":"ReadAction","target":["https:\/\/europavarietas.org\/csdp_new\/index.php\/2025\/08\/30\/hungarian-hero-of-the-ukrainian-war-robert-brovdi\/"]}]},{"@type":"ImageObject","inLanguage":"en-GB","@id":"https:\/\/europavarietas.org\/csdp_new\/index.php\/2025\/08\/30\/hungarian-hero-of-the-ukrainian-war-robert-brovdi\/#primaryimage","url":"https:\/\/europavarietas.org\/csdp_new\/wp-content\/uploads\/2025\/08\/brovdi.jpg","contentUrl":"https:\/\/europavarietas.org\/csdp_new\/wp-content\/uploads\/2025\/08\/brovdi.jpg","width":899,"height":667},{"@type":"BreadcrumbList","@id":"https:\/\/europavarietas.org\/csdp_new\/index.php\/2025\/08\/30\/hungarian-hero-of-the-ukrainian-war-robert-brovdi\/#breadcrumb","itemListElement":[{"@type":"ListItem","position":1,"name":"Home","item":"https:\/\/europavarietas.org\/csdp_new\/"},{"@type":"ListItem","position":2,"name":"Hungarian hero of the Ukrainian war : R\u00f3bert Brovdi"}]},{"@type":"WebSite","@id":"https:\/\/europavarietas.org\/csdp_new\/#website","url":"https:\/\/europavarietas.org\/csdp_new\/","name":"CERPESC","description":"European Soultion for Defence and Crisis Management","publisher":{"@id":"https:\/\/europavarietas.org\/csdp_new\/#organization"},"potentialAction":[{"@type":"SearchAction","target":{"@type":"EntryPoint","urlTemplate":"https:\/\/europavarietas.org\/csdp_new\/?s={search_term_string}"},"query-input":{"@type":"PropertyValueSpecification","valueRequired":true,"valueName":"search_term_string"}}],"inLanguage":"en-GB"},{"@type":"Organization","@id":"https:\/\/europavarietas.org\/csdp_new\/#organization","name":"CERPESC","url":"https:\/\/europavarietas.org\/csdp_new\/","logo":{"@type":"ImageObject","inLanguage":"en-GB","@id":"https:\/\/europavarietas.org\/csdp_new\/#\/schema\/logo\/image\/","url":"https:\/\/europavarietas.org\/csdp_new\/wp-content\/uploads\/2023\/08\/cropped-cropped-cerpesc5_0.png","contentUrl":"https:\/\/europavarietas.org\/csdp_new\/wp-content\/uploads\/2023\/08\/cropped-cropped-cerpesc5_0.png","width":530,"height":97,"caption":"CERPESC"},"image":{"@id":"https:\/\/europavarietas.org\/csdp_new\/#\/schema\/logo\/image\/"}},{"@type":"Person","@id":"https:\/\/europavarietas.org\/csdp_new\/#\/schema\/person\/4bdb418b6652d2795a1c0627ce82c1ab","name":"Andr\u00e1s Istv\u00e1n T\u00dcRKE","image":{"@type":"ImageObject","inLanguage":"en-GB","@id":"https:\/\/europavarietas.org\/csdp_new\/#\/schema\/person\/image\/","url":"https:\/\/secure.gravatar.com\/avatar\/19d77d70065cf29dad6d60c3df5b443255b53aaecfbb81055024e590555ef2cd?s=96&d=mm&r=g","contentUrl":"https:\/\/secure.gravatar.com\/avatar\/19d77d70065cf29dad6d60c3df5b443255b53aaecfbb81055024e590555ef2cd?s=96&d=mm&r=g","caption":"Andr\u00e1s Istv\u00e1n T\u00dcRKE"},"description":"Andr\u00e1s Istv\u00e1n T\u00fcrke is a diplomacy &amp; security policy expert based in Switzerland. He specializes in European Foreign, Security &amp; Defence Policy and industrial base issues. He is expert in geopolitics of Africa and Western Balkans on strategic and economic issues. His research focuses on the peacekeeping and regional stability with emphasis on european solutions for defence &amp; crisis management. So far, his work has mostly drawn on EU, UN, AU and NATO activities but he has started to engage with other global and regional crisis management institutions.","sameAs":["https:\/\/univ-paris3.academia.edu\/AndrasTurke"],"url":"https:\/\/europavarietas.org\/csdp_new\/index.php\/author\/andrasturke\/"}]}},"_links":{"self":[{"href":"https:\/\/europavarietas.org\/csdp_new\/index.php\/wp-json\/wp\/v2\/posts\/2369","targetHints":{"allow":["GET"]}}],"collection":[{"href":"https:\/\/europavarietas.org\/csdp_new\/index.php\/wp-json\/wp\/v2\/posts"}],"about":[{"href":"https:\/\/europavarietas.org\/csdp_new\/index.php\/wp-json\/wp\/v2\/types\/post"}],"author":[{"embeddable":true,"href":"https:\/\/europavarietas.org\/csdp_new\/index.php\/wp-json\/wp\/v2\/users\/2"}],"replies":[{"embeddable":true,"href":"https:\/\/europavarietas.org\/csdp_new\/index.php\/wp-json\/wp\/v2\/comments?post=2369"}],"version-history":[{"count":19,"href":"https:\/\/europavarietas.org\/csdp_new\/index.php\/wp-json\/wp\/v2\/posts\/2369\/revisions"}],"predecessor-version":[{"id":2389,"href":"https:\/\/europavarietas.org\/csdp_new\/index.php\/wp-json\/wp\/v2\/posts\/2369\/revisions\/2389"}],"wp:featuredmedia":[{"embeddable":true,"href":"https:\/\/europavarietas.org\/csdp_new\/index.php\/wp-json\/wp\/v2\/media\/2390"}],"wp:attachment":[{"href":"https:\/\/europavarietas.org\/csdp_new\/index.php\/wp-json\/wp\/v2\/media?parent=2369"}],"wp:term":[{"taxonomy":"category","embeddable":true,"href":"https:\/\/europavarietas.org\/csdp_new\/index.php\/wp-json\/wp\/v2\/categories?post=2369"},{"taxonomy":"post_tag","embeddable":true,"href":"https:\/\/europavarietas.org\/csdp_new\/index.php\/wp-json\/wp\/v2\/tags?post=2369"}],"curies":[{"name":"wp","href":"https:\/\/api.w.org\/{rel}","templated":true}]}}