{"id":1777,"date":"2015-01-24T20:43:00","date_gmt":"2015-01-24T20:43:00","guid":{"rendered":"https:\/\/europavarietas.org\/csdp_new\/?p=1777"},"modified":"2023-09-05T20:45:38","modified_gmt":"2023-09-05T20:45:38","slug":"su-27-flanker-intercepts-and-shadows-a-p-3-orion","status":"publish","type":"post","link":"https:\/\/europavarietas.org\/csdp_new\/index.php\/2015\/01\/24\/su-27-flanker-intercepts-and-shadows-a-p-3-orion\/","title":{"rendered":"Su-27 Flanker intercepts and shadows a P-3 Orion"},"content":{"rendered":"\t\t<div data-elementor-type=\"wp-post\" data-elementor-id=\"1777\" class=\"elementor elementor-1777\">\n\t\t\t\t\t\t<section class=\"elementor-section elementor-top-section elementor-element elementor-element-59fb445 elementor-section-boxed elementor-section-height-default elementor-section-height-default\" data-id=\"59fb445\" data-element_type=\"section\">\n\t\t\t\t\t\t<div class=\"elementor-container elementor-column-gap-default\">\n\t\t\t\t\t<div class=\"elementor-column elementor-col-100 elementor-top-column elementor-element elementor-element-3429c3e\" data-id=\"3429c3e\" data-element_type=\"column\">\n\t\t\t<div class=\"elementor-widget-wrap elementor-element-populated\">\n\t\t\t\t\t\t<div class=\"elementor-element elementor-element-8ea8dc5 elementor-widget elementor-widget-text-editor\" data-id=\"8ea8dc5\" data-element_type=\"widget\" data-widget_type=\"text-editor.default\">\n\t\t\t\t<div class=\"elementor-widget-container\">\n\t\t\t\t\t\t\t\t\t<p>The video shows a single, fully armed Russian Air Force Su-27 Flanker jet as it intercepts and shadows a P-3 Orion, reportedly flying over the Baltics. This unclassified video was filmed in November 2014 by \u201cone of the sensors carried by a Portuguese Air Force P-3 Orion MPA \u2013 Maritime Patrol Aircraft \u2013 during a mission over the Baltic Sea.\u201d It\u2019s pretty standard for the Russian Air Force to launch a single fighter jet to identify and escort NATO surveillance planes. This video proves that even the Russians keep an eye on NATO, as well as non-NATO states&#8217; surveillance- and intelligence-gathering activities in the region.\u00a0<\/p><center><video controls=\"controls\" width=\"500\" height=\"400\"><br \/>\n  <source src=\"http:\/\/europavarietas.org\/csdp\/files\/su_27_intercepts_p_3_orion.mp4\" type=\"video\/mp4\" \/><br \/>\n  <source src=\"movie.ogg\" type=\"video\/ogg\" \/><br \/>\nYour browser does not support the video tag.<br \/><\/video><\/center><p><a href=\"http:\/\/uk.businessinsider.com\/russian-jet-intercept-portuguese-plane-video-2015-1?r=US&amp;IR=T\">Source<\/a><\/p>\t\t\t\t\t\t\t\t<\/div>\n\t\t\t\t<\/div>\n\t\t\t\t\t<\/div>\n\t\t<\/div>\n\t\t\t\t\t<\/div>\n\t\t<\/section>\n\t\t\t\t<\/div>\n\t\t","protected":false},"excerpt":{"rendered":"<p>The video shows a single, fully armed Russian Air Force Su-27 Flanker jet as it intercepts and shadows a P-3 Orion, reportedly flying over the Baltics. This unclassified video was filmed in November 2014 by \u201cone of the sensors carried by a Portuguese Air Force P-3 Orion MPA \u2013 Maritime Patrol Aircraft \u2013 during a&#8230;<\/p>\n","protected":false},"author":2,"featured_media":0,"comment_status":"open","ping_status":"open","sticky":false,"template":"","format":"standard","meta":{"footnotes":""},"categories":[4],"tags":[143,105,142],"class_list":["post-1777","post","type-post","status-publish","format-standard","hentry","category-news","tag-p-3-orion","tag-russian-army","tag-su-27-flanker"],"yoast_head":"<!-- This site is optimized with the Yoast SEO plugin v26.5 - https:\/\/yoast.com\/wordpress\/plugins\/seo\/ -->\n<title>Su-27 Flanker intercepts and shadows a P-3 Orion - CERPESC<\/title>\n<meta name=\"robots\" content=\"index, follow, max-snippet:-1, max-image-preview:large, max-video-preview:-1\" \/>\n<link rel=\"canonical\" href=\"https:\/\/europavarietas.org\/csdp_new\/index.php\/2015\/01\/24\/su-27-flanker-intercepts-and-shadows-a-p-3-orion\/\" \/>\n<meta property=\"og:locale\" content=\"en_GB\" \/>\n<meta property=\"og:type\" content=\"article\" \/>\n<meta property=\"og:title\" content=\"Su-27 Flanker intercepts and shadows a P-3 Orion - CERPESC\" \/>\n<meta property=\"og:description\" content=\"The video shows a single, fully armed Russian Air Force Su-27 Flanker jet as it intercepts and shadows a P-3 Orion, reportedly flying over the Baltics. This unclassified video was filmed in November 2014 by \u201cone of the sensors carried by a Portuguese Air Force P-3 Orion MPA \u2013 Maritime Patrol Aircraft \u2013 during a...\" \/>\n<meta property=\"og:url\" content=\"https:\/\/europavarietas.org\/csdp_new\/index.php\/2015\/01\/24\/su-27-flanker-intercepts-and-shadows-a-p-3-orion\/\" \/>\n<meta property=\"og:site_name\" content=\"CERPESC\" \/>\n<meta property=\"article:published_time\" content=\"2015-01-24T20:43:00+00:00\" \/>\n<meta property=\"article:modified_time\" content=\"2023-09-05T20:45:38+00:00\" \/>\n<meta name=\"author\" content=\"Andr\u00e1s Istv\u00e1n T\u00dcRKE\" \/>\n<meta name=\"twitter:card\" content=\"summary_large_image\" \/>\n<meta name=\"twitter:label1\" content=\"Written by\" \/>\n\t<meta name=\"twitter:data1\" content=\"Andr\u00e1s Istv\u00e1n T\u00dcRKE\" \/>\n\t<meta name=\"twitter:label2\" content=\"Estimated reading time\" \/>\n\t<meta name=\"twitter:data2\" content=\"1 minute\" \/>\n<script type=\"application\/ld+json\" class=\"yoast-schema-graph\">{\"@context\":\"https:\/\/schema.org\",\"@graph\":[{\"@type\":\"Article\",\"@id\":\"https:\/\/europavarietas.org\/csdp_new\/index.php\/2015\/01\/24\/su-27-flanker-intercepts-and-shadows-a-p-3-orion\/#article\",\"isPartOf\":{\"@id\":\"https:\/\/europavarietas.org\/csdp_new\/index.php\/2015\/01\/24\/su-27-flanker-intercepts-and-shadows-a-p-3-orion\/\"},\"author\":{\"name\":\"Andr\u00e1s Istv\u00e1n T\u00dcRKE\",\"@id\":\"https:\/\/europavarietas.org\/csdp_new\/#\/schema\/person\/4bdb418b6652d2795a1c0627ce82c1ab\"},\"headline\":\"Su-27 Flanker intercepts and shadows a P-3 Orion\",\"datePublished\":\"2015-01-24T20:43:00+00:00\",\"dateModified\":\"2023-09-05T20:45:38+00:00\",\"mainEntityOfPage\":{\"@id\":\"https:\/\/europavarietas.org\/csdp_new\/index.php\/2015\/01\/24\/su-27-flanker-intercepts-and-shadows-a-p-3-orion\/\"},\"wordCount\":120,\"commentCount\":0,\"publisher\":{\"@id\":\"https:\/\/europavarietas.org\/csdp_new\/#organization\"},\"keywords\":[\"P-3 Orion\",\"Russian Army\",\"Su-27 Flanker\"],\"articleSection\":[\"News\"],\"inLanguage\":\"en-GB\",\"potentialAction\":[{\"@type\":\"CommentAction\",\"name\":\"Comment\",\"target\":[\"https:\/\/europavarietas.org\/csdp_new\/index.php\/2015\/01\/24\/su-27-flanker-intercepts-and-shadows-a-p-3-orion\/#respond\"]}]},{\"@type\":\"WebPage\",\"@id\":\"https:\/\/europavarietas.org\/csdp_new\/index.php\/2015\/01\/24\/su-27-flanker-intercepts-and-shadows-a-p-3-orion\/\",\"url\":\"https:\/\/europavarietas.org\/csdp_new\/index.php\/2015\/01\/24\/su-27-flanker-intercepts-and-shadows-a-p-3-orion\/\",\"name\":\"Su-27 Flanker intercepts and shadows a P-3 Orion - CERPESC\",\"isPartOf\":{\"@id\":\"https:\/\/europavarietas.org\/csdp_new\/#website\"},\"datePublished\":\"2015-01-24T20:43:00+00:00\",\"dateModified\":\"2023-09-05T20:45:38+00:00\",\"breadcrumb\":{\"@id\":\"https:\/\/europavarietas.org\/csdp_new\/index.php\/2015\/01\/24\/su-27-flanker-intercepts-and-shadows-a-p-3-orion\/#breadcrumb\"},\"inLanguage\":\"en-GB\",\"potentialAction\":[{\"@type\":\"ReadAction\",\"target\":[\"https:\/\/europavarietas.org\/csdp_new\/index.php\/2015\/01\/24\/su-27-flanker-intercepts-and-shadows-a-p-3-orion\/\"]}]},{\"@type\":\"BreadcrumbList\",\"@id\":\"https:\/\/europavarietas.org\/csdp_new\/index.php\/2015\/01\/24\/su-27-flanker-intercepts-and-shadows-a-p-3-orion\/#breadcrumb\",\"itemListElement\":[{\"@type\":\"ListItem\",\"position\":1,\"name\":\"Home\",\"item\":\"https:\/\/europavarietas.org\/csdp_new\/\"},{\"@type\":\"ListItem\",\"position\":2,\"name\":\"Su-27 Flanker intercepts and shadows a P-3 Orion\"}]},{\"@type\":\"WebSite\",\"@id\":\"https:\/\/europavarietas.org\/csdp_new\/#website\",\"url\":\"https:\/\/europavarietas.org\/csdp_new\/\",\"name\":\"CERPESC\",\"description\":\"European Soultion for Defence and Crisis Management\",\"publisher\":{\"@id\":\"https:\/\/europavarietas.org\/csdp_new\/#organization\"},\"potentialAction\":[{\"@type\":\"SearchAction\",\"target\":{\"@type\":\"EntryPoint\",\"urlTemplate\":\"https:\/\/europavarietas.org\/csdp_new\/?s={search_term_string}\"},\"query-input\":{\"@type\":\"PropertyValueSpecification\",\"valueRequired\":true,\"valueName\":\"search_term_string\"}}],\"inLanguage\":\"en-GB\"},{\"@type\":\"Organization\",\"@id\":\"https:\/\/europavarietas.org\/csdp_new\/#organization\",\"name\":\"CERPESC\",\"url\":\"https:\/\/europavarietas.org\/csdp_new\/\",\"logo\":{\"@type\":\"ImageObject\",\"inLanguage\":\"en-GB\",\"@id\":\"https:\/\/europavarietas.org\/csdp_new\/#\/schema\/logo\/image\/\",\"url\":\"https:\/\/europavarietas.org\/csdp_new\/wp-content\/uploads\/2023\/08\/cropped-cropped-cerpesc5_0.png\",\"contentUrl\":\"https:\/\/europavarietas.org\/csdp_new\/wp-content\/uploads\/2023\/08\/cropped-cropped-cerpesc5_0.png\",\"width\":530,\"height\":97,\"caption\":\"CERPESC\"},\"image\":{\"@id\":\"https:\/\/europavarietas.org\/csdp_new\/#\/schema\/logo\/image\/\"}},{\"@type\":\"Person\",\"@id\":\"https:\/\/europavarietas.org\/csdp_new\/#\/schema\/person\/4bdb418b6652d2795a1c0627ce82c1ab\",\"name\":\"Andr\u00e1s Istv\u00e1n T\u00dcRKE\",\"image\":{\"@type\":\"ImageObject\",\"inLanguage\":\"en-GB\",\"@id\":\"https:\/\/europavarietas.org\/csdp_new\/#\/schema\/person\/image\/\",\"url\":\"https:\/\/secure.gravatar.com\/avatar\/19d77d70065cf29dad6d60c3df5b443255b53aaecfbb81055024e590555ef2cd?s=96&d=mm&r=g\",\"contentUrl\":\"https:\/\/secure.gravatar.com\/avatar\/19d77d70065cf29dad6d60c3df5b443255b53aaecfbb81055024e590555ef2cd?s=96&d=mm&r=g\",\"caption\":\"Andr\u00e1s Istv\u00e1n T\u00dcRKE\"},\"description\":\"Andr\u00e1s Istv\u00e1n T\u00fcrke is a diplomacy &amp; security policy expert based in Switzerland. He specializes in European Foreign, Security &amp; Defence Policy and industrial base issues. He is expert in geopolitics of Africa and Western Balkans on strategic and economic issues. His research focuses on the peacekeeping and regional stability with emphasis on european solutions for defence &amp; crisis management. So far, his work has mostly drawn on EU, UN, AU and NATO activities but he has started to engage with other global and regional crisis management institutions.\",\"sameAs\":[\"https:\/\/univ-paris3.academia.edu\/AndrasTurke\"],\"url\":\"https:\/\/europavarietas.org\/csdp_new\/index.php\/author\/andrasturke\/\"}]}<\/script>\n<!-- \/ Yoast SEO plugin. -->","yoast_head_json":{"title":"Su-27 Flanker intercepts and shadows a P-3 Orion - CERPESC","robots":{"index":"index","follow":"follow","max-snippet":"max-snippet:-1","max-image-preview":"max-image-preview:large","max-video-preview":"max-video-preview:-1"},"canonical":"https:\/\/europavarietas.org\/csdp_new\/index.php\/2015\/01\/24\/su-27-flanker-intercepts-and-shadows-a-p-3-orion\/","og_locale":"en_GB","og_type":"article","og_title":"Su-27 Flanker intercepts and shadows a P-3 Orion - CERPESC","og_description":"The video shows a single, fully armed Russian Air Force Su-27 Flanker jet as it intercepts and shadows a P-3 Orion, reportedly flying over the Baltics. This unclassified video was filmed in November 2014 by \u201cone of the sensors carried by a Portuguese Air Force P-3 Orion MPA \u2013 Maritime Patrol Aircraft \u2013 during a...","og_url":"https:\/\/europavarietas.org\/csdp_new\/index.php\/2015\/01\/24\/su-27-flanker-intercepts-and-shadows-a-p-3-orion\/","og_site_name":"CERPESC","article_published_time":"2015-01-24T20:43:00+00:00","article_modified_time":"2023-09-05T20:45:38+00:00","author":"Andr\u00e1s Istv\u00e1n T\u00dcRKE","twitter_card":"summary_large_image","twitter_misc":{"Written by":"Andr\u00e1s Istv\u00e1n T\u00dcRKE","Estimated reading time":"1 minute"},"schema":{"@context":"https:\/\/schema.org","@graph":[{"@type":"Article","@id":"https:\/\/europavarietas.org\/csdp_new\/index.php\/2015\/01\/24\/su-27-flanker-intercepts-and-shadows-a-p-3-orion\/#article","isPartOf":{"@id":"https:\/\/europavarietas.org\/csdp_new\/index.php\/2015\/01\/24\/su-27-flanker-intercepts-and-shadows-a-p-3-orion\/"},"author":{"name":"Andr\u00e1s Istv\u00e1n T\u00dcRKE","@id":"https:\/\/europavarietas.org\/csdp_new\/#\/schema\/person\/4bdb418b6652d2795a1c0627ce82c1ab"},"headline":"Su-27 Flanker intercepts and shadows a P-3 Orion","datePublished":"2015-01-24T20:43:00+00:00","dateModified":"2023-09-05T20:45:38+00:00","mainEntityOfPage":{"@id":"https:\/\/europavarietas.org\/csdp_new\/index.php\/2015\/01\/24\/su-27-flanker-intercepts-and-shadows-a-p-3-orion\/"},"wordCount":120,"commentCount":0,"publisher":{"@id":"https:\/\/europavarietas.org\/csdp_new\/#organization"},"keywords":["P-3 Orion","Russian Army","Su-27 Flanker"],"articleSection":["News"],"inLanguage":"en-GB","potentialAction":[{"@type":"CommentAction","name":"Comment","target":["https:\/\/europavarietas.org\/csdp_new\/index.php\/2015\/01\/24\/su-27-flanker-intercepts-and-shadows-a-p-3-orion\/#respond"]}]},{"@type":"WebPage","@id":"https:\/\/europavarietas.org\/csdp_new\/index.php\/2015\/01\/24\/su-27-flanker-intercepts-and-shadows-a-p-3-orion\/","url":"https:\/\/europavarietas.org\/csdp_new\/index.php\/2015\/01\/24\/su-27-flanker-intercepts-and-shadows-a-p-3-orion\/","name":"Su-27 Flanker intercepts and shadows a P-3 Orion - CERPESC","isPartOf":{"@id":"https:\/\/europavarietas.org\/csdp_new\/#website"},"datePublished":"2015-01-24T20:43:00+00:00","dateModified":"2023-09-05T20:45:38+00:00","breadcrumb":{"@id":"https:\/\/europavarietas.org\/csdp_new\/index.php\/2015\/01\/24\/su-27-flanker-intercepts-and-shadows-a-p-3-orion\/#breadcrumb"},"inLanguage":"en-GB","potentialAction":[{"@type":"ReadAction","target":["https:\/\/europavarietas.org\/csdp_new\/index.php\/2015\/01\/24\/su-27-flanker-intercepts-and-shadows-a-p-3-orion\/"]}]},{"@type":"BreadcrumbList","@id":"https:\/\/europavarietas.org\/csdp_new\/index.php\/2015\/01\/24\/su-27-flanker-intercepts-and-shadows-a-p-3-orion\/#breadcrumb","itemListElement":[{"@type":"ListItem","position":1,"name":"Home","item":"https:\/\/europavarietas.org\/csdp_new\/"},{"@type":"ListItem","position":2,"name":"Su-27 Flanker intercepts and shadows a P-3 Orion"}]},{"@type":"WebSite","@id":"https:\/\/europavarietas.org\/csdp_new\/#website","url":"https:\/\/europavarietas.org\/csdp_new\/","name":"CERPESC","description":"European Soultion for Defence and Crisis Management","publisher":{"@id":"https:\/\/europavarietas.org\/csdp_new\/#organization"},"potentialAction":[{"@type":"SearchAction","target":{"@type":"EntryPoint","urlTemplate":"https:\/\/europavarietas.org\/csdp_new\/?s={search_term_string}"},"query-input":{"@type":"PropertyValueSpecification","valueRequired":true,"valueName":"search_term_string"}}],"inLanguage":"en-GB"},{"@type":"Organization","@id":"https:\/\/europavarietas.org\/csdp_new\/#organization","name":"CERPESC","url":"https:\/\/europavarietas.org\/csdp_new\/","logo":{"@type":"ImageObject","inLanguage":"en-GB","@id":"https:\/\/europavarietas.org\/csdp_new\/#\/schema\/logo\/image\/","url":"https:\/\/europavarietas.org\/csdp_new\/wp-content\/uploads\/2023\/08\/cropped-cropped-cerpesc5_0.png","contentUrl":"https:\/\/europavarietas.org\/csdp_new\/wp-content\/uploads\/2023\/08\/cropped-cropped-cerpesc5_0.png","width":530,"height":97,"caption":"CERPESC"},"image":{"@id":"https:\/\/europavarietas.org\/csdp_new\/#\/schema\/logo\/image\/"}},{"@type":"Person","@id":"https:\/\/europavarietas.org\/csdp_new\/#\/schema\/person\/4bdb418b6652d2795a1c0627ce82c1ab","name":"Andr\u00e1s Istv\u00e1n T\u00dcRKE","image":{"@type":"ImageObject","inLanguage":"en-GB","@id":"https:\/\/europavarietas.org\/csdp_new\/#\/schema\/person\/image\/","url":"https:\/\/secure.gravatar.com\/avatar\/19d77d70065cf29dad6d60c3df5b443255b53aaecfbb81055024e590555ef2cd?s=96&d=mm&r=g","contentUrl":"https:\/\/secure.gravatar.com\/avatar\/19d77d70065cf29dad6d60c3df5b443255b53aaecfbb81055024e590555ef2cd?s=96&d=mm&r=g","caption":"Andr\u00e1s Istv\u00e1n T\u00dcRKE"},"description":"Andr\u00e1s Istv\u00e1n T\u00fcrke is a diplomacy &amp; security policy expert based in Switzerland. He specializes in European Foreign, Security &amp; Defence Policy and industrial base issues. He is expert in geopolitics of Africa and Western Balkans on strategic and economic issues. His research focuses on the peacekeeping and regional stability with emphasis on european solutions for defence &amp; crisis management. So far, his work has mostly drawn on EU, UN, AU and NATO activities but he has started to engage with other global and regional crisis management institutions.","sameAs":["https:\/\/univ-paris3.academia.edu\/AndrasTurke"],"url":"https:\/\/europavarietas.org\/csdp_new\/index.php\/author\/andrasturke\/"}]}},"_links":{"self":[{"href":"https:\/\/europavarietas.org\/csdp_new\/index.php\/wp-json\/wp\/v2\/posts\/1777","targetHints":{"allow":["GET"]}}],"collection":[{"href":"https:\/\/europavarietas.org\/csdp_new\/index.php\/wp-json\/wp\/v2\/posts"}],"about":[{"href":"https:\/\/europavarietas.org\/csdp_new\/index.php\/wp-json\/wp\/v2\/types\/post"}],"author":[{"embeddable":true,"href":"https:\/\/europavarietas.org\/csdp_new\/index.php\/wp-json\/wp\/v2\/users\/2"}],"replies":[{"embeddable":true,"href":"https:\/\/europavarietas.org\/csdp_new\/index.php\/wp-json\/wp\/v2\/comments?post=1777"}],"version-history":[{"count":4,"href":"https:\/\/europavarietas.org\/csdp_new\/index.php\/wp-json\/wp\/v2\/posts\/1777\/revisions"}],"predecessor-version":[{"id":1782,"href":"https:\/\/europavarietas.org\/csdp_new\/index.php\/wp-json\/wp\/v2\/posts\/1777\/revisions\/1782"}],"wp:attachment":[{"href":"https:\/\/europavarietas.org\/csdp_new\/index.php\/wp-json\/wp\/v2\/media?parent=1777"}],"wp:term":[{"taxonomy":"category","embeddable":true,"href":"https:\/\/europavarietas.org\/csdp_new\/index.php\/wp-json\/wp\/v2\/categories?post=1777"},{"taxonomy":"post_tag","embeddable":true,"href":"https:\/\/europavarietas.org\/csdp_new\/index.php\/wp-json\/wp\/v2\/tags?post=1777"}],"curies":[{"name":"wp","href":"https:\/\/api.w.org\/{rel}","templated":true}]}}