{"id":1505,"date":"2016-07-16T09:14:00","date_gmt":"2016-07-16T09:14:00","guid":{"rendered":"https:\/\/europavarietas.org\/csdp_new\/?p=1505"},"modified":"2023-09-05T09:14:55","modified_gmt":"2023-09-05T09:14:55","slug":"eutm-rca-replace-eumam-rca","status":"publish","type":"post","link":"https:\/\/europavarietas.org\/csdp_new\/index.php\/2016\/07\/16\/eutm-rca-replace-eumam-rca\/","title":{"rendered":"EUTM RCA replace EUMAM RCA"},"content":{"rendered":"\t\t<div data-elementor-type=\"wp-post\" data-elementor-id=\"1505\" class=\"elementor elementor-1505\">\n\t\t\t\t\t\t<section class=\"elementor-section elementor-top-section elementor-element elementor-element-3c0a586 elementor-section-boxed elementor-section-height-default elementor-section-height-default\" data-id=\"3c0a586\" data-element_type=\"section\">\n\t\t\t\t\t\t<div class=\"elementor-container elementor-column-gap-default\">\n\t\t\t\t\t<div class=\"elementor-column elementor-col-100 elementor-top-column elementor-element elementor-element-c74a05e\" data-id=\"c74a05e\" data-element_type=\"column\">\n\t\t\t<div class=\"elementor-widget-wrap elementor-element-populated\">\n\t\t\t\t\t\t<div class=\"elementor-element elementor-element-7ea9e77 elementor-widget elementor-widget-text-editor\" data-id=\"7ea9e77\" data-element_type=\"widget\" data-widget_type=\"text-editor.default\">\n\t\t\t\t<div class=\"elementor-widget-container\">\n\t\t\t\t\t\t\t\t\t<p>Today (16 July 2016), the EU training mission of the Central African Army (EUTM RCA) was launched, with a two-year mandate.\u00a0<br \/>The mission is to provide advice and training but also to bring its military expertise to the EU Delegation, in particular to set up more general projects. Its role is defined according to three priorities:<br \/>1.) strategic advice to the Ministry of Defense, military personnel and the armed forces of the CAR;<br \/>2.) Lessons for FACA officers and non-commissioned officers and FACA training.<br \/>3.) It also brings &#8220;expertise in the military field, in the field of security and the rule of law&#8221; to the EU delegation in the Central African Republic &#8220;within the limits of its means and capabilities&#8221;.<\/p><p><iframe src=\"https:\/\/www.youtube.com\/embed\/Pq1iVHK85ws\" width=\"500\" height=\"400\" frameborder=\"0\" allowfullscreen=\"allowfullscreen\"><\/iframe><\/p>\t\t\t\t\t\t\t\t<\/div>\n\t\t\t\t<\/div>\n\t\t\t\t\t<\/div>\n\t\t<\/div>\n\t\t\t\t\t<\/div>\n\t\t<\/section>\n\t\t\t\t<\/div>\n\t\t","protected":false},"excerpt":{"rendered":"<p>Today (16 July 2016), the EU training mission of the Central African Army (EUTM RCA) was launched, with a two-year mandate.\u00a0The mission is to provide advice and training but also to bring its military expertise to the EU Delegation, in particular to set up more general projects. Its role is defined according to three priorities:1.)&#8230;<\/p>\n","protected":false},"author":2,"featured_media":0,"comment_status":"open","ping_status":"open","sticky":false,"template":"","format":"standard","meta":{"footnotes":""},"categories":[6],"tags":[8,84,83],"class_list":["post-1505","post","type-post","status-publish","format-standard","hentry","category-csdp","tag-csdp","tag-eumam-rca","tag-eutm-rca"],"yoast_head":"<!-- This site is optimized with the Yoast SEO plugin v26.5 - https:\/\/yoast.com\/wordpress\/plugins\/seo\/ -->\n<title>EUTM RCA replace EUMAM RCA - CERPESC<\/title>\n<meta name=\"robots\" content=\"index, follow, max-snippet:-1, max-image-preview:large, max-video-preview:-1\" \/>\n<link rel=\"canonical\" href=\"https:\/\/europavarietas.org\/csdp_new\/index.php\/2016\/07\/16\/eutm-rca-replace-eumam-rca\/\" \/>\n<meta property=\"og:locale\" content=\"en_GB\" \/>\n<meta property=\"og:type\" content=\"article\" \/>\n<meta property=\"og:title\" content=\"EUTM RCA replace EUMAM RCA - CERPESC\" \/>\n<meta property=\"og:description\" content=\"Today (16 July 2016), the EU training mission of the Central African Army (EUTM RCA) was launched, with a two-year mandate.\u00a0The mission is to provide advice and training but also to bring its military expertise to the EU Delegation, in particular to set up more general projects. Its role is defined according to three priorities:1.)...\" \/>\n<meta property=\"og:url\" content=\"https:\/\/europavarietas.org\/csdp_new\/index.php\/2016\/07\/16\/eutm-rca-replace-eumam-rca\/\" \/>\n<meta property=\"og:site_name\" content=\"CERPESC\" \/>\n<meta property=\"article:published_time\" content=\"2016-07-16T09:14:00+00:00\" \/>\n<meta property=\"article:modified_time\" content=\"2023-09-05T09:14:55+00:00\" \/>\n<meta name=\"author\" content=\"Andr\u00e1s Istv\u00e1n T\u00dcRKE\" \/>\n<meta name=\"twitter:card\" content=\"summary_large_image\" \/>\n<meta name=\"twitter:label1\" content=\"Written by\" \/>\n\t<meta name=\"twitter:data1\" content=\"Andr\u00e1s Istv\u00e1n T\u00dcRKE\" \/>\n\t<meta name=\"twitter:label2\" content=\"Estimated reading time\" \/>\n\t<meta name=\"twitter:data2\" content=\"1 minute\" \/>\n<script type=\"application\/ld+json\" class=\"yoast-schema-graph\">{\"@context\":\"https:\/\/schema.org\",\"@graph\":[{\"@type\":\"Article\",\"@id\":\"https:\/\/europavarietas.org\/csdp_new\/index.php\/2016\/07\/16\/eutm-rca-replace-eumam-rca\/#article\",\"isPartOf\":{\"@id\":\"https:\/\/europavarietas.org\/csdp_new\/index.php\/2016\/07\/16\/eutm-rca-replace-eumam-rca\/\"},\"author\":{\"name\":\"Andr\u00e1s Istv\u00e1n T\u00dcRKE\",\"@id\":\"https:\/\/europavarietas.org\/csdp_new\/#\/schema\/person\/4bdb418b6652d2795a1c0627ce82c1ab\"},\"headline\":\"EUTM RCA replace EUMAM RCA\",\"datePublished\":\"2016-07-16T09:14:00+00:00\",\"dateModified\":\"2023-09-05T09:14:55+00:00\",\"mainEntityOfPage\":{\"@id\":\"https:\/\/europavarietas.org\/csdp_new\/index.php\/2016\/07\/16\/eutm-rca-replace-eumam-rca\/\"},\"wordCount\":120,\"commentCount\":0,\"publisher\":{\"@id\":\"https:\/\/europavarietas.org\/csdp_new\/#organization\"},\"keywords\":[\"CSDP\",\"EUMAM RCA\",\"EUTM RCA\"],\"articleSection\":[\"CSDP\"],\"inLanguage\":\"en-GB\",\"potentialAction\":[{\"@type\":\"CommentAction\",\"name\":\"Comment\",\"target\":[\"https:\/\/europavarietas.org\/csdp_new\/index.php\/2016\/07\/16\/eutm-rca-replace-eumam-rca\/#respond\"]}]},{\"@type\":\"WebPage\",\"@id\":\"https:\/\/europavarietas.org\/csdp_new\/index.php\/2016\/07\/16\/eutm-rca-replace-eumam-rca\/\",\"url\":\"https:\/\/europavarietas.org\/csdp_new\/index.php\/2016\/07\/16\/eutm-rca-replace-eumam-rca\/\",\"name\":\"EUTM RCA replace EUMAM RCA - CERPESC\",\"isPartOf\":{\"@id\":\"https:\/\/europavarietas.org\/csdp_new\/#website\"},\"datePublished\":\"2016-07-16T09:14:00+00:00\",\"dateModified\":\"2023-09-05T09:14:55+00:00\",\"breadcrumb\":{\"@id\":\"https:\/\/europavarietas.org\/csdp_new\/index.php\/2016\/07\/16\/eutm-rca-replace-eumam-rca\/#breadcrumb\"},\"inLanguage\":\"en-GB\",\"potentialAction\":[{\"@type\":\"ReadAction\",\"target\":[\"https:\/\/europavarietas.org\/csdp_new\/index.php\/2016\/07\/16\/eutm-rca-replace-eumam-rca\/\"]}]},{\"@type\":\"BreadcrumbList\",\"@id\":\"https:\/\/europavarietas.org\/csdp_new\/index.php\/2016\/07\/16\/eutm-rca-replace-eumam-rca\/#breadcrumb\",\"itemListElement\":[{\"@type\":\"ListItem\",\"position\":1,\"name\":\"Home\",\"item\":\"https:\/\/europavarietas.org\/csdp_new\/\"},{\"@type\":\"ListItem\",\"position\":2,\"name\":\"EUTM RCA replace EUMAM RCA\"}]},{\"@type\":\"WebSite\",\"@id\":\"https:\/\/europavarietas.org\/csdp_new\/#website\",\"url\":\"https:\/\/europavarietas.org\/csdp_new\/\",\"name\":\"CERPESC\",\"description\":\"European Soultion for Defence and Crisis Management\",\"publisher\":{\"@id\":\"https:\/\/europavarietas.org\/csdp_new\/#organization\"},\"potentialAction\":[{\"@type\":\"SearchAction\",\"target\":{\"@type\":\"EntryPoint\",\"urlTemplate\":\"https:\/\/europavarietas.org\/csdp_new\/?s={search_term_string}\"},\"query-input\":{\"@type\":\"PropertyValueSpecification\",\"valueRequired\":true,\"valueName\":\"search_term_string\"}}],\"inLanguage\":\"en-GB\"},{\"@type\":\"Organization\",\"@id\":\"https:\/\/europavarietas.org\/csdp_new\/#organization\",\"name\":\"CERPESC\",\"url\":\"https:\/\/europavarietas.org\/csdp_new\/\",\"logo\":{\"@type\":\"ImageObject\",\"inLanguage\":\"en-GB\",\"@id\":\"https:\/\/europavarietas.org\/csdp_new\/#\/schema\/logo\/image\/\",\"url\":\"https:\/\/europavarietas.org\/csdp_new\/wp-content\/uploads\/2023\/08\/cropped-cropped-cerpesc5_0.png\",\"contentUrl\":\"https:\/\/europavarietas.org\/csdp_new\/wp-content\/uploads\/2023\/08\/cropped-cropped-cerpesc5_0.png\",\"width\":530,\"height\":97,\"caption\":\"CERPESC\"},\"image\":{\"@id\":\"https:\/\/europavarietas.org\/csdp_new\/#\/schema\/logo\/image\/\"}},{\"@type\":\"Person\",\"@id\":\"https:\/\/europavarietas.org\/csdp_new\/#\/schema\/person\/4bdb418b6652d2795a1c0627ce82c1ab\",\"name\":\"Andr\u00e1s Istv\u00e1n T\u00dcRKE\",\"image\":{\"@type\":\"ImageObject\",\"inLanguage\":\"en-GB\",\"@id\":\"https:\/\/europavarietas.org\/csdp_new\/#\/schema\/person\/image\/\",\"url\":\"https:\/\/secure.gravatar.com\/avatar\/19d77d70065cf29dad6d60c3df5b443255b53aaecfbb81055024e590555ef2cd?s=96&d=mm&r=g\",\"contentUrl\":\"https:\/\/secure.gravatar.com\/avatar\/19d77d70065cf29dad6d60c3df5b443255b53aaecfbb81055024e590555ef2cd?s=96&d=mm&r=g\",\"caption\":\"Andr\u00e1s Istv\u00e1n T\u00dcRKE\"},\"description\":\"Andr\u00e1s Istv\u00e1n T\u00fcrke is a diplomacy &amp; security policy expert based in Switzerland. He specializes in European Foreign, Security &amp; Defence Policy and industrial base issues. He is expert in geopolitics of Africa and Western Balkans on strategic and economic issues. His research focuses on the peacekeeping and regional stability with emphasis on european solutions for defence &amp; crisis management. So far, his work has mostly drawn on EU, UN, AU and NATO activities but he has started to engage with other global and regional crisis management institutions.\",\"sameAs\":[\"https:\/\/univ-paris3.academia.edu\/AndrasTurke\"],\"url\":\"https:\/\/europavarietas.org\/csdp_new\/index.php\/author\/andrasturke\/\"}]}<\/script>\n<!-- \/ Yoast SEO plugin. -->","yoast_head_json":{"title":"EUTM RCA replace EUMAM RCA - CERPESC","robots":{"index":"index","follow":"follow","max-snippet":"max-snippet:-1","max-image-preview":"max-image-preview:large","max-video-preview":"max-video-preview:-1"},"canonical":"https:\/\/europavarietas.org\/csdp_new\/index.php\/2016\/07\/16\/eutm-rca-replace-eumam-rca\/","og_locale":"en_GB","og_type":"article","og_title":"EUTM RCA replace EUMAM RCA - CERPESC","og_description":"Today (16 July 2016), the EU training mission of the Central African Army (EUTM RCA) was launched, with a two-year mandate.\u00a0The mission is to provide advice and training but also to bring its military expertise to the EU Delegation, in particular to set up more general projects. Its role is defined according to three priorities:1.)...","og_url":"https:\/\/europavarietas.org\/csdp_new\/index.php\/2016\/07\/16\/eutm-rca-replace-eumam-rca\/","og_site_name":"CERPESC","article_published_time":"2016-07-16T09:14:00+00:00","article_modified_time":"2023-09-05T09:14:55+00:00","author":"Andr\u00e1s Istv\u00e1n T\u00dcRKE","twitter_card":"summary_large_image","twitter_misc":{"Written by":"Andr\u00e1s Istv\u00e1n T\u00dcRKE","Estimated reading time":"1 minute"},"schema":{"@context":"https:\/\/schema.org","@graph":[{"@type":"Article","@id":"https:\/\/europavarietas.org\/csdp_new\/index.php\/2016\/07\/16\/eutm-rca-replace-eumam-rca\/#article","isPartOf":{"@id":"https:\/\/europavarietas.org\/csdp_new\/index.php\/2016\/07\/16\/eutm-rca-replace-eumam-rca\/"},"author":{"name":"Andr\u00e1s Istv\u00e1n T\u00dcRKE","@id":"https:\/\/europavarietas.org\/csdp_new\/#\/schema\/person\/4bdb418b6652d2795a1c0627ce82c1ab"},"headline":"EUTM RCA replace EUMAM RCA","datePublished":"2016-07-16T09:14:00+00:00","dateModified":"2023-09-05T09:14:55+00:00","mainEntityOfPage":{"@id":"https:\/\/europavarietas.org\/csdp_new\/index.php\/2016\/07\/16\/eutm-rca-replace-eumam-rca\/"},"wordCount":120,"commentCount":0,"publisher":{"@id":"https:\/\/europavarietas.org\/csdp_new\/#organization"},"keywords":["CSDP","EUMAM RCA","EUTM RCA"],"articleSection":["CSDP"],"inLanguage":"en-GB","potentialAction":[{"@type":"CommentAction","name":"Comment","target":["https:\/\/europavarietas.org\/csdp_new\/index.php\/2016\/07\/16\/eutm-rca-replace-eumam-rca\/#respond"]}]},{"@type":"WebPage","@id":"https:\/\/europavarietas.org\/csdp_new\/index.php\/2016\/07\/16\/eutm-rca-replace-eumam-rca\/","url":"https:\/\/europavarietas.org\/csdp_new\/index.php\/2016\/07\/16\/eutm-rca-replace-eumam-rca\/","name":"EUTM RCA replace EUMAM RCA - CERPESC","isPartOf":{"@id":"https:\/\/europavarietas.org\/csdp_new\/#website"},"datePublished":"2016-07-16T09:14:00+00:00","dateModified":"2023-09-05T09:14:55+00:00","breadcrumb":{"@id":"https:\/\/europavarietas.org\/csdp_new\/index.php\/2016\/07\/16\/eutm-rca-replace-eumam-rca\/#breadcrumb"},"inLanguage":"en-GB","potentialAction":[{"@type":"ReadAction","target":["https:\/\/europavarietas.org\/csdp_new\/index.php\/2016\/07\/16\/eutm-rca-replace-eumam-rca\/"]}]},{"@type":"BreadcrumbList","@id":"https:\/\/europavarietas.org\/csdp_new\/index.php\/2016\/07\/16\/eutm-rca-replace-eumam-rca\/#breadcrumb","itemListElement":[{"@type":"ListItem","position":1,"name":"Home","item":"https:\/\/europavarietas.org\/csdp_new\/"},{"@type":"ListItem","position":2,"name":"EUTM RCA replace EUMAM RCA"}]},{"@type":"WebSite","@id":"https:\/\/europavarietas.org\/csdp_new\/#website","url":"https:\/\/europavarietas.org\/csdp_new\/","name":"CERPESC","description":"European Soultion for Defence and Crisis Management","publisher":{"@id":"https:\/\/europavarietas.org\/csdp_new\/#organization"},"potentialAction":[{"@type":"SearchAction","target":{"@type":"EntryPoint","urlTemplate":"https:\/\/europavarietas.org\/csdp_new\/?s={search_term_string}"},"query-input":{"@type":"PropertyValueSpecification","valueRequired":true,"valueName":"search_term_string"}}],"inLanguage":"en-GB"},{"@type":"Organization","@id":"https:\/\/europavarietas.org\/csdp_new\/#organization","name":"CERPESC","url":"https:\/\/europavarietas.org\/csdp_new\/","logo":{"@type":"ImageObject","inLanguage":"en-GB","@id":"https:\/\/europavarietas.org\/csdp_new\/#\/schema\/logo\/image\/","url":"https:\/\/europavarietas.org\/csdp_new\/wp-content\/uploads\/2023\/08\/cropped-cropped-cerpesc5_0.png","contentUrl":"https:\/\/europavarietas.org\/csdp_new\/wp-content\/uploads\/2023\/08\/cropped-cropped-cerpesc5_0.png","width":530,"height":97,"caption":"CERPESC"},"image":{"@id":"https:\/\/europavarietas.org\/csdp_new\/#\/schema\/logo\/image\/"}},{"@type":"Person","@id":"https:\/\/europavarietas.org\/csdp_new\/#\/schema\/person\/4bdb418b6652d2795a1c0627ce82c1ab","name":"Andr\u00e1s Istv\u00e1n T\u00dcRKE","image":{"@type":"ImageObject","inLanguage":"en-GB","@id":"https:\/\/europavarietas.org\/csdp_new\/#\/schema\/person\/image\/","url":"https:\/\/secure.gravatar.com\/avatar\/19d77d70065cf29dad6d60c3df5b443255b53aaecfbb81055024e590555ef2cd?s=96&d=mm&r=g","contentUrl":"https:\/\/secure.gravatar.com\/avatar\/19d77d70065cf29dad6d60c3df5b443255b53aaecfbb81055024e590555ef2cd?s=96&d=mm&r=g","caption":"Andr\u00e1s Istv\u00e1n T\u00dcRKE"},"description":"Andr\u00e1s Istv\u00e1n T\u00fcrke is a diplomacy &amp; security policy expert based in Switzerland. He specializes in European Foreign, Security &amp; Defence Policy and industrial base issues. He is expert in geopolitics of Africa and Western Balkans on strategic and economic issues. His research focuses on the peacekeeping and regional stability with emphasis on european solutions for defence &amp; crisis management. So far, his work has mostly drawn on EU, UN, AU and NATO activities but he has started to engage with other global and regional crisis management institutions.","sameAs":["https:\/\/univ-paris3.academia.edu\/AndrasTurke"],"url":"https:\/\/europavarietas.org\/csdp_new\/index.php\/author\/andrasturke\/"}]}},"_links":{"self":[{"href":"https:\/\/europavarietas.org\/csdp_new\/index.php\/wp-json\/wp\/v2\/posts\/1505","targetHints":{"allow":["GET"]}}],"collection":[{"href":"https:\/\/europavarietas.org\/csdp_new\/index.php\/wp-json\/wp\/v2\/posts"}],"about":[{"href":"https:\/\/europavarietas.org\/csdp_new\/index.php\/wp-json\/wp\/v2\/types\/post"}],"author":[{"embeddable":true,"href":"https:\/\/europavarietas.org\/csdp_new\/index.php\/wp-json\/wp\/v2\/users\/2"}],"replies":[{"embeddable":true,"href":"https:\/\/europavarietas.org\/csdp_new\/index.php\/wp-json\/wp\/v2\/comments?post=1505"}],"version-history":[{"count":4,"href":"https:\/\/europavarietas.org\/csdp_new\/index.php\/wp-json\/wp\/v2\/posts\/1505\/revisions"}],"predecessor-version":[{"id":1509,"href":"https:\/\/europavarietas.org\/csdp_new\/index.php\/wp-json\/wp\/v2\/posts\/1505\/revisions\/1509"}],"wp:attachment":[{"href":"https:\/\/europavarietas.org\/csdp_new\/index.php\/wp-json\/wp\/v2\/media?parent=1505"}],"wp:term":[{"taxonomy":"category","embeddable":true,"href":"https:\/\/europavarietas.org\/csdp_new\/index.php\/wp-json\/wp\/v2\/categories?post=1505"},{"taxonomy":"post_tag","embeddable":true,"href":"https:\/\/europavarietas.org\/csdp_new\/index.php\/wp-json\/wp\/v2\/tags?post=1505"}],"curies":[{"name":"wp","href":"https:\/\/api.w.org\/{rel}","templated":true}]}}